{"id":104576,"date":"2023-11-12T13:33:35","date_gmt":"2023-11-12T13:33:35","guid":{"rendered":"https:\/\/primicias2262.com\/noticias\/?p=104576"},"modified":"2023-11-13T18:20:35","modified_gmt":"2023-11-13T18:20:35","slug":"massa-propone-encaminarnos-hacia-el-desarrollo-mientras-que-milei-solo-pretende-destruir","status":"publish","type":"post","link":"https:\/\/primicias2262.com\/noticias\/massa-propone-encaminarnos-hacia-el-desarrollo-mientras-que-milei-solo-pretende-destruir\/","title":{"rendered":"\u201cMassa propone encaminarnos hacia el desarrollo mientras que Milei solo pretende destruir\u201d"},"content":{"rendered":"<p><strong>As\u00ed lo expres\u00f3 el dirigente peronista local, Juan Larrea, a la hora de abordar el balotaje presidencial del domingo 19 de noviembre en la mesa de \u201cVoces de la Ciudad\u201d, en nota con el periodista Jorge G\u00f3mez.<\/strong><\/p>\n<p>Quien fuera funcionario en el gobierno interino de Jos\u00e9 Luis Vidal manifest\u00f3 que \u201ctoda esta bajada de los Trump, Bolsonaro o Milei implican un riesgo para la democracia, evidentemente esto ha calado en la sociedad como consecuencia de la insatisfacci\u00f3n de determinados sectores sociales y de una sociedad cansada de determinadas cosas. Si bien, en el interior vivimos diferente, creo que cala muy hondo lamentablemente la intervenci\u00f3n de los medios capitalinos\u201d.<\/p>\n<p>Larrea se\u00f1al\u00f3 que con Milei \u201cest\u00e1 en riesgo una serie de ciertos temas que no estaban en la agenda p\u00fablica de Argentina y estamos discutiendo cosas impensables y que generan un problema de salud mental. Por ejemplo, estar hablando de la venta de \u00f3rganos son cosas inadmisibles, o que se va a volar el Banco Central\u2026 Argentina nunca fue un emirato, venimos luch\u00e1ndola hace muchos a\u00f1os y los 40 a\u00f1os de democracia han sido muy costosos\u201d.<\/p>\n<p>Seguidamente opin\u00f3 que \u201cel voto bronca ya fue manifestado tanto en las PASO como en las elecciones de octubre, por eso me interesa el proyecto de pa\u00eds que esboza Uni\u00f3n por la patria con Sergio Massa como candidato, creo que es el \u00fanico proyecto en el cual convergen todos los sectores productivos-acad\u00e9micos del pa\u00eds\u201d.<\/p>\n<p>Ampli\u00f3 que \u201cMassa es el tipo m\u00e1s capacitado que puede haber aparecido, es el m\u00e1s capaz y tiene todas las condiciones, conoce la botonera del Estado como ninguno, hoy le faltar\u00e1 la botonera de ser presidente, pero la va a tener desde diciembre\u201d, para subrayar que \u201cprovengo del kirchnerismo y hemos tenido nuestras diferencias con Massa, pero me rindo ante la evidencia de que se puso el equipo de fajina y la est\u00e1 peleando como si fuera el presidente actual\u201d.<\/p>\n<p>\u201cMassa propone y tiene una base sustentable para encaminarnos hacia el desarrollo, Milei solo pretende destruir, romper todo lo que hay, no hay propuesta alguna\u201d, diferenci\u00f3 Larrera.<\/p>\n<p>Por \u00faltimo, habl\u00f3 sobre los dos partidos hist\u00f3ricos del pa\u00eds, al expresar que \u201cvenimos de una fuerza como el peronismo y somos tronco del proyecto nacional con la Uni\u00f3n C\u00edvica Radical, en esta alternativa de estar frente a una persona (Milei) que viene a renegar de la democracia e instaurar un proyecto fascista, as\u00ed que lo importante es reacomodar las piezas y darnos cuenta de que nos est\u00e1 corriendo fr\u00edo por la espalda. Los n\u00fameros de cara al 19 est\u00e1n muy finos y est\u00e1 bueno que un sector de los radicales privilegien el voto a Massa\u201d.<\/p>\n","protected":false},"excerpt":{"rendered":"<p>As\u00ed lo expres\u00f3 el dirigente peronista local, Juan Larrea, a la hora de abordar el balotaje presidencial del domingo 19 de noviembre en la mesa de \u201cVoces de la Ciudad\u201d, en nota con el periodista Jorge G\u00f3mez. Quien fuera funcionario en el gobierno interino de Jos\u00e9 Luis Vidal manifest\u00f3 que \u201ctoda esta bajada de los [&hellip;]<\/p>\n","protected":false},"author":3,"featured_media":104577,"comment_status":"open","ping_status":"open","sticky":false,"template":"","format":"standard","meta":{"footnotes":""},"categories":[3],"tags":[],"class_list":["post-104576","post","type-post","status-publish","format-standard","has-post-thumbnail","category-masnoticias"],"_links":{"self":[{"href":"https:\/\/primicias2262.com\/noticias\/wp-json\/wp\/v2\/posts\/104576","targetHints":{"allow":["GET"]}}],"collection":[{"href":"https:\/\/primicias2262.com\/noticias\/wp-json\/wp\/v2\/posts"}],"about":[{"href":"https:\/\/primicias2262.com\/noticias\/wp-json\/wp\/v2\/types\/post"}],"author":[{"embeddable":true,"href":"https:\/\/primicias2262.com\/noticias\/wp-json\/wp\/v2\/users\/3"}],"replies":[{"embeddable":true,"href":"https:\/\/primicias2262.com\/noticias\/wp-json\/wp\/v2\/comments?post=104576"}],"version-history":[{"count":1,"href":"https:\/\/primicias2262.com\/noticias\/wp-json\/wp\/v2\/posts\/104576\/revisions"}],"predecessor-version":[{"id":104578,"href":"https:\/\/primicias2262.com\/noticias\/wp-json\/wp\/v2\/posts\/104576\/revisions\/104578"}],"wp:featuredmedia":[{"embeddable":true,"href":"https:\/\/primicias2262.com\/noticias\/wp-json\/wp\/v2\/media\/104577"}],"wp:attachment":[{"href":"https:\/\/primicias2262.com\/noticias\/wp-json\/wp\/v2\/media?parent=104576"}],"wp:term":[{"taxonomy":"category","embeddable":true,"href":"https:\/\/primicias2262.com\/noticias\/wp-json\/wp\/v2\/categories?post=104576"},{"taxonomy":"post_tag","embeddable":true,"href":"https:\/\/primicias2262.com\/noticias\/wp-json\/wp\/v2\/tags?post=104576"}],"curies":[{"name":"wp","href":"https:\/\/api.w.org\/{rel}","templated":true}]}}