{"id":104608,"date":"2023-11-12T19:57:27","date_gmt":"2023-11-12T19:57:27","guid":{"rendered":"https:\/\/primicias2262.com\/noticias\/?p=104608"},"modified":"2023-11-13T18:18:05","modified_gmt":"2023-11-13T18:18:05","slug":"el-municipio-celebra-la-tradicion-con-un-gran-festival-de-folclore","status":"publish","type":"post","link":"https:\/\/primicias2262.com\/noticias\/el-municipio-celebra-la-tradicion-con-un-gran-festival-de-folclore\/","title":{"rendered":"El municipio celebra la tradici\u00f3n con un gran festival de folclore"},"content":{"rendered":"<p><strong>La primera de las dos jornadas organizadas por la Direcci\u00f3n de Cultura termin\u00f3 con mucho \u00e9xito y una gran cantidad de artistas locales que le pusieron m\u00fasica a la Plaza Dardo Rocha. Ma\u00f1ana continuar\u00e1n los espect\u00e1culos a partir de las 15, con el cierre a cargo del grupo Dicos Tr\u00edo.<\/strong><\/p>\n<p>En la tarde de este s\u00e1bado la Plaza Dardo Rocha se llen\u00f3 de m\u00fasica patria en la primera de las dos jornadas organizadas por el municipio de Necochea para celebrar la Fiesta del Folclore y la Tradici\u00f3n, un evento que estuvo cargado de artistas locales y cont\u00f3 con un cierre a puro baile de la mano del grupo ayacuchense La Voladura.<\/p>\n<p>Entre chacareras, gatos, escondidos y zambas, cientos de vecinos y vecinas, m\u00e1s algunos turistas que se fueron entremezclando con el correr de la tarde que acompa\u00f1\u00f3 con un hermoso sol, eligieron la rotonda del c\u00e9ntrico espacio p\u00fablico para elevar sus pa\u00f1uelos al viento y bailar hasta que cay\u00f3 la noche.<\/p>\n<p>Promediando una jornada que estuvo pintada de celeste y blanco, con paseos emprendedores y de productores regionales, m\u00e1s un corredor de carros gastron\u00f3micos, el director de Cultura, \u00e1rea a cargo de la organizaci\u00f3n del festejo, ofreci\u00f3 unas palabras desde el escenario principal, que estuvo ubicado de espaldas al Monumento del Centenario.<\/p>\n<p>\u201cEl traje de paisano no es un disfraz, son detalles de nuestras ra\u00edces, son detalles de nuestra cultura, y eso es lo que queremos defender\u201d, asegur\u00f3 Juan Gamba sobre el objetivo de este armado art\u00edstico de la comuna que persigue la intenci\u00f3n de \u201cno perder la identidad de nuestro pueblo\u201d.<\/p>\n<p>En ese contexto, el funcionario indic\u00f3 que \u201chay una esperanza\u201d para no abandonar esa b\u00fasqueda y que est\u00e1 sintetizada en \u201cestos nenes que bailan, ellos son los que van a ser la prolongaci\u00f3n de nuestra cultura, de nuestras ra\u00edces, los que va a hacer que nuestras esencias no se pierdan\u201d.<\/p>\n","protected":false},"excerpt":{"rendered":"<p>La primera de las dos jornadas organizadas por la Direcci\u00f3n de Cultura termin\u00f3 con mucho \u00e9xito y una gran cantidad de artistas locales que le pusieron m\u00fasica a la Plaza Dardo Rocha. Ma\u00f1ana continuar\u00e1n los espect\u00e1culos a partir de las 15, con el cierre a cargo del grupo Dicos Tr\u00edo. En la tarde de este [&hellip;]<\/p>\n","protected":false},"author":3,"featured_media":104609,"comment_status":"open","ping_status":"open","sticky":false,"template":"","format":"standard","meta":{"footnotes":""},"categories":[3],"tags":[],"class_list":["post-104608","post","type-post","status-publish","format-standard","has-post-thumbnail","category-masnoticias"],"_links":{"self":[{"href":"https:\/\/primicias2262.com\/noticias\/wp-json\/wp\/v2\/posts\/104608","targetHints":{"allow":["GET"]}}],"collection":[{"href":"https:\/\/primicias2262.com\/noticias\/wp-json\/wp\/v2\/posts"}],"about":[{"href":"https:\/\/primicias2262.com\/noticias\/wp-json\/wp\/v2\/types\/post"}],"author":[{"embeddable":true,"href":"https:\/\/primicias2262.com\/noticias\/wp-json\/wp\/v2\/users\/3"}],"replies":[{"embeddable":true,"href":"https:\/\/primicias2262.com\/noticias\/wp-json\/wp\/v2\/comments?post=104608"}],"version-history":[{"count":2,"href":"https:\/\/primicias2262.com\/noticias\/wp-json\/wp\/v2\/posts\/104608\/revisions"}],"predecessor-version":[{"id":104630,"href":"https:\/\/primicias2262.com\/noticias\/wp-json\/wp\/v2\/posts\/104608\/revisions\/104630"}],"wp:featuredmedia":[{"embeddable":true,"href":"https:\/\/primicias2262.com\/noticias\/wp-json\/wp\/v2\/media\/104609"}],"wp:attachment":[{"href":"https:\/\/primicias2262.com\/noticias\/wp-json\/wp\/v2\/media?parent=104608"}],"wp:term":[{"taxonomy":"category","embeddable":true,"href":"https:\/\/primicias2262.com\/noticias\/wp-json\/wp\/v2\/categories?post=104608"},{"taxonomy":"post_tag","embeddable":true,"href":"https:\/\/primicias2262.com\/noticias\/wp-json\/wp\/v2\/tags?post=104608"}],"curies":[{"name":"wp","href":"https:\/\/api.w.org\/{rel}","templated":true}]}}