{"id":104618,"date":"2023-11-13T17:43:24","date_gmt":"2023-11-13T17:43:24","guid":{"rendered":"https:\/\/primicias2262.com\/noticias\/?p=104618"},"modified":"2023-11-14T18:12:41","modified_gmt":"2023-11-14T18:12:41","slug":"quienes-estan-indecisos-pudieron-ver-en-milei-a-una-persona-sin-preparacion-y-totalmente-improvisada","status":"publish","type":"post","link":"https:\/\/primicias2262.com\/noticias\/quienes-estan-indecisos-pudieron-ver-en-milei-a-una-persona-sin-preparacion-y-totalmente-improvisada\/","title":{"rendered":"\u201cQuienes est\u00e1n indecisos pudieron ver en Milei a una persona sin preparaci\u00f3n y totalmente improvisada\u201d"},"content":{"rendered":"<p><strong>As\u00ed lo recalc\u00f3 en \u201cVoces de la Ciudad\u201d el concejal del Frente de Todos y referente del Frente Renovador en Necochea, Mauro Vel\u00e1zquez, luego del \u00faltimo debate entre Sergio Massa y Javier Milei de cara al balotaje presidencial del domingo 19 de noviembre.<\/strong><\/p>\n<p>En di\u00e1logo con el periodista Jorge G\u00f3mez, el concejal del interbloque y quien fuera precandidato a intendente manifest\u00f3 que \u201clo que vimos todos, hasta la prensa internacional, es la diferencia entre estar preparado y la improvisaci\u00f3n. Lo de Sergio Massa fue contundente en el debate en el sentido de conocer el Estado de punta a punta\u201d.<\/p>\n<p>Adujo seguidamente en referencia a Milei que \u201cel momento actual del pa\u00eds no es para improvisados, sino para seguir trabajando fuertemente en recuperar a la Argentina, y cuando hablamos de improvisaci\u00f3n hablamos de una persona que no conoce ni siquiera el sistema administrativo de expedientes del Estado, el traspi\u00e9 que hizo en temas como econom\u00eda y seguridad, y adem\u00e1s las chanzas y las chicanas\u2026 no es el momento, toda la gente estaba esperando el debate, los que tenemos definido el voto y los que no, porque es de mucha responsabilidad y seriedad lo que se define\u201d.<\/p>\n<p>Vel\u00e1zquez record\u00f3 a continuaci\u00f3n que \u201cel 10 de diciembre jura un presidente y el futuro de todos los argentinos est\u00e1 en sus manos, y fue muy contundente lo de Sergio\u2026 la gente pudo ver a una persona clara contra alguien que tiene poco conocimiento e improvisa\u201d, para reafirmar que \u201cla grieta qued\u00f3 en el pasado, ahora hay que mirar hacia adelante con un gobierno de unidad, desde la racionalidad y la templanza que es lo que necesita Argentina\u201d.<\/p>\n<p>M\u00e1s adelante, el concejal llam\u00f3 a reflexionar sobre lo que propone Milei, pregunt\u00e1ndose si \u201c\u00bfla nueva etapa empezar\u00eda prendiendo fuego el Banco Central y dolarizando?\u201d, tras lo cual ampli\u00f3 que \u201cdice y se desdice, no tiene fundamentos y usa frases hechas, frases de saquito de caf\u00e9 o de az\u00facar, sin sustento alguno. Eso no le da previsibilidad ni seguridad a la gente\u201d.<\/p>\n<p>Por ello, Vel\u00e1zquez manifest\u00f3 que \u201caquellos que est\u00e1n indecisos pudieron ver en Milei a una persona sin preparaci\u00f3n y totalmente improvisada, y que adem\u00e1s demostr\u00f3 su irresponsabilidad al decir disparates, como comparar una guerra tan dolorosa para todos nosotros como la de Malvinas con un partido de f\u00fatbol\u201d.<\/p>\n","protected":false},"excerpt":{"rendered":"<p>As\u00ed lo recalc\u00f3 en \u201cVoces de la Ciudad\u201d el concejal del Frente de Todos y referente del Frente Renovador en Necochea, Mauro Vel\u00e1zquez, luego del \u00faltimo debate entre Sergio Massa y Javier Milei de cara al balotaje presidencial del domingo 19 de noviembre. En di\u00e1logo con el periodista Jorge G\u00f3mez, el concejal del interbloque y [&hellip;]<\/p>\n","protected":false},"author":3,"featured_media":103603,"comment_status":"open","ping_status":"open","sticky":false,"template":"","format":"standard","meta":{"footnotes":""},"categories":[3],"tags":[],"class_list":["post-104618","post","type-post","status-publish","format-standard","has-post-thumbnail","category-masnoticias"],"_links":{"self":[{"href":"https:\/\/primicias2262.com\/noticias\/wp-json\/wp\/v2\/posts\/104618","targetHints":{"allow":["GET"]}}],"collection":[{"href":"https:\/\/primicias2262.com\/noticias\/wp-json\/wp\/v2\/posts"}],"about":[{"href":"https:\/\/primicias2262.com\/noticias\/wp-json\/wp\/v2\/types\/post"}],"author":[{"embeddable":true,"href":"https:\/\/primicias2262.com\/noticias\/wp-json\/wp\/v2\/users\/3"}],"replies":[{"embeddable":true,"href":"https:\/\/primicias2262.com\/noticias\/wp-json\/wp\/v2\/comments?post=104618"}],"version-history":[{"count":2,"href":"https:\/\/primicias2262.com\/noticias\/wp-json\/wp\/v2\/posts\/104618\/revisions"}],"predecessor-version":[{"id":104659,"href":"https:\/\/primicias2262.com\/noticias\/wp-json\/wp\/v2\/posts\/104618\/revisions\/104659"}],"wp:featuredmedia":[{"embeddable":true,"href":"https:\/\/primicias2262.com\/noticias\/wp-json\/wp\/v2\/media\/103603"}],"wp:attachment":[{"href":"https:\/\/primicias2262.com\/noticias\/wp-json\/wp\/v2\/media?parent=104618"}],"wp:term":[{"taxonomy":"category","embeddable":true,"href":"https:\/\/primicias2262.com\/noticias\/wp-json\/wp\/v2\/categories?post=104618"},{"taxonomy":"post_tag","embeddable":true,"href":"https:\/\/primicias2262.com\/noticias\/wp-json\/wp\/v2\/tags?post=104618"}],"curies":[{"name":"wp","href":"https:\/\/api.w.org\/{rel}","templated":true}]}}