{"id":104621,"date":"2023-11-13T18:17:48","date_gmt":"2023-11-13T18:17:48","guid":{"rendered":"https:\/\/primicias2262.com\/noticias\/?p=104621"},"modified":"2023-11-14T17:18:37","modified_gmt":"2023-11-14T17:18:37","slug":"votar-a-massa-es-fortalecer-la-democracia-y-la-otra-opcion-es-un-salto-al-vacio","status":"publish","type":"post","link":"https:\/\/primicias2262.com\/noticias\/votar-a-massa-es-fortalecer-la-democracia-y-la-otra-opcion-es-un-salto-al-vacio\/","title":{"rendered":"\u201cVotar a Massa es fortalecer la democracia y la otra opci\u00f3n es un salto al vac\u00edo\u201d"},"content":{"rendered":"<p><strong>La concejal Felicitas Cabret\u00f3n y la Licenciada en Ciencias Pol\u00edticas, Josefina Ignacio, referentes de la Uni\u00f3n C\u00edvica Radical, pasaron por los estudios de \u201cVoces de la Ciudad\u201d y en nota con el periodista Jorge G\u00f3mez argumentaron por qu\u00e9 elegir\u00e1n al referente del Frente Renovador en Uni\u00f3n por la Patria el venidero domingo 19 de noviembre en el balotaje presidencial ante Javier Milei de Libertad Avanza.<\/strong><\/p>\n<p>Ambas integran la Corriente de Opini\u00f3n Nacional de la UCR, expresando primeramente Josefina que \u201cen la CON debatimos mucho entre la mayor cantidad de integrantes y ante esta situaci\u00f3n tan particular que tenemos los radicales para elegir decidimos que lo menos malo para el pa\u00eds es Sergio Massa, por eso hemos decidido votarlo en esta oportunidad porque es fortalecer la democracia\u201d.<\/p>\n<p>En tanto, \u201cla otra opci\u00f3n creemos que es un salto al vac\u00edo casi suicida\u201d, enfatiz\u00f3 Josefina, acotando que \u201cser opositores a Massa creemos que nos va a permitir dialogar y consensuar algunas pol\u00edticas de Estado que con Milei creemos que va a ser imposible por su propia impronta antidemocr\u00e1tica y con valores muy opuestos al radicalismo, como negar la dictadura ni reconocer a los desaparecidos y al robo de beb\u00e9s que se produjo\u201d.<\/p>\n<p><a href=\"https:\/\/primicias2262.com\/noticias\/wp-content\/uploads\/2023\/11\/josefina-ignacio.jpeg\"><img loading=\"lazy\" decoding=\"async\" class=\"aligncenter size-full wp-image-104628\" src=\"https:\/\/primicias2262.com\/noticias\/wp-content\/uploads\/2023\/11\/josefina-ignacio.jpeg\" alt=\"\" width=\"1024\" height=\"768\" srcset=\"https:\/\/primicias2262.com\/noticias\/wp-content\/uploads\/2023\/11\/josefina-ignacio.jpeg 1024w, https:\/\/primicias2262.com\/noticias\/wp-content\/uploads\/2023\/11\/josefina-ignacio-300x225.jpeg 300w, https:\/\/primicias2262.com\/noticias\/wp-content\/uploads\/2023\/11\/josefina-ignacio-768x576.jpeg 768w, https:\/\/primicias2262.com\/noticias\/wp-content\/uploads\/2023\/11\/josefina-ignacio-150x113.jpeg 150w, https:\/\/primicias2262.com\/noticias\/wp-content\/uploads\/2023\/11\/josefina-ignacio-696x522.jpeg 696w\" sizes=\"auto, (max-width: 1024px) 100vw, 1024px\" \/><\/a>Asimismo, enumer\u00f3 otras pol\u00edticas claves al se\u00f1alar que \u201cMilei no reconoce la perspectiva de g\u00e9nero y va contra esas pol\u00edticas que han sido un avance en nuestro pa\u00eds, o el hecho de no reconocer la lucha ambiental y el cambio clim\u00e1tico. No tiene nada que ver con nosotros\u201d.<\/p>\n<p>Por su parte, Cabret\u00f3n coincidi\u00f3 en que \u201ccomo grupo pol\u00edtico decidimos asumir esta responsabilidad de salir a manifestar por qu\u00e9 optamos por la opci\u00f3n de Massa, no es que elegimos, sino que optamos aun sabiendo que no es el escenario ideal que esper\u00e1bamos\u201d.<\/p>\n<p>Asimismo, aclar\u00f3 que \u201ces importante resaltar que debatimos mucho en la CON acerca de lo que se desprende de las candidaturas de Milei y Villarruel, y es que han construido una fuerza pol\u00edtica bas\u00e1ndola en el odio y el desconocimiento de la parte de la historia m\u00e1s dolorosa de los \u00faltimos a\u00f1os de Argentina. Construyen desde el odio y el negacionismo del genocidio de Estado y tambi\u00e9n desconocen lo que una sociedad entera reconoci\u00f3 a Ra\u00fal Alfons\u00edn, cuando miles de argentinos a lo largo y ancho del pa\u00eds desped\u00edan al presidente que fue el padre de la democracia y que garantiz\u00f3 lo que esperaban los argentinos: que pudi\u00e9ramos nacer, crecer, vivir y morir en democracia\u201d.<\/p>\n<p>La edil que completa su mandato en diciembre reconoci\u00f3 que en la sociedad \u201chay mucho enojo que es absolutamente razonable y la gente no siente esa respuesta que deber\u00eda tener para ver ese ascenso social que siempre se aspira\u201d, pero manifest\u00f3 que \u201caunque parezcan frases hechas los ejemplos est\u00e1n en que con m\u00e1s democracia esto se puede lograr, porque de hecho as\u00ed fue el camino que inici\u00f3 Alfons\u00edn en el \u201983\u201d.<\/p>\n","protected":false},"excerpt":{"rendered":"<p>La concejal Felicitas Cabret\u00f3n y la Licenciada en Ciencias Pol\u00edticas, Josefina Ignacio, referentes de la Uni\u00f3n C\u00edvica Radical, pasaron por los estudios de \u201cVoces de la Ciudad\u201d y en nota con el periodista Jorge G\u00f3mez argumentaron por qu\u00e9 elegir\u00e1n al referente del Frente Renovador en Uni\u00f3n por la Patria el venidero domingo 19 de noviembre [&hellip;]<\/p>\n","protected":false},"author":3,"featured_media":104627,"comment_status":"open","ping_status":"open","sticky":false,"template":"","format":"standard","meta":{"footnotes":""},"categories":[3],"tags":[],"class_list":["post-104621","post","type-post","status-publish","format-standard","has-post-thumbnail","category-masnoticias"],"_links":{"self":[{"href":"https:\/\/primicias2262.com\/noticias\/wp-json\/wp\/v2\/posts\/104621","targetHints":{"allow":["GET"]}}],"collection":[{"href":"https:\/\/primicias2262.com\/noticias\/wp-json\/wp\/v2\/posts"}],"about":[{"href":"https:\/\/primicias2262.com\/noticias\/wp-json\/wp\/v2\/types\/post"}],"author":[{"embeddable":true,"href":"https:\/\/primicias2262.com\/noticias\/wp-json\/wp\/v2\/users\/3"}],"replies":[{"embeddable":true,"href":"https:\/\/primicias2262.com\/noticias\/wp-json\/wp\/v2\/comments?post=104621"}],"version-history":[{"count":2,"href":"https:\/\/primicias2262.com\/noticias\/wp-json\/wp\/v2\/posts\/104621\/revisions"}],"predecessor-version":[{"id":104655,"href":"https:\/\/primicias2262.com\/noticias\/wp-json\/wp\/v2\/posts\/104621\/revisions\/104655"}],"wp:featuredmedia":[{"embeddable":true,"href":"https:\/\/primicias2262.com\/noticias\/wp-json\/wp\/v2\/media\/104627"}],"wp:attachment":[{"href":"https:\/\/primicias2262.com\/noticias\/wp-json\/wp\/v2\/media?parent=104621"}],"wp:term":[{"taxonomy":"category","embeddable":true,"href":"https:\/\/primicias2262.com\/noticias\/wp-json\/wp\/v2\/categories?post=104621"},{"taxonomy":"post_tag","embeddable":true,"href":"https:\/\/primicias2262.com\/noticias\/wp-json\/wp\/v2\/tags?post=104621"}],"curies":[{"name":"wp","href":"https:\/\/api.w.org\/{rel}","templated":true}]}}