{"id":104622,"date":"2023-11-13T18:14:45","date_gmt":"2023-11-13T18:14:45","guid":{"rendered":"https:\/\/primicias2262.com\/noticias\/?p=104622"},"modified":"2023-11-14T12:48:24","modified_gmt":"2023-11-14T12:48:24","slug":"se-brindaran-charlas-de-concientizacion-y-controles-gratuitos-por-el-dia-de-la-diabetes","status":"publish","type":"post","link":"https:\/\/primicias2262.com\/noticias\/se-brindaran-charlas-de-concientizacion-y-controles-gratuitos-por-el-dia-de-la-diabetes\/","title":{"rendered":"Se brindar\u00e1n charlas de concientizaci\u00f3n y controles gratuitos por el D\u00eda de la Diabetes"},"content":{"rendered":"<p><strong>En la cabecera del distrito se desarrollar\u00e1n operativos en la Plaza Dardo Rocha y en el Parque Miguel Lillo, como as\u00ed en la plaza Hip\u00f3lito Yrigoyen de Quequ\u00e9n y en La Dulce.<\/strong><\/p>\n<p>Bajo la coordinaci\u00f3n de la Direcci\u00f3n de Atenci\u00f3n Primaria, dependiente de la Secretar\u00eda de Salud del municipio, este martes 14 de noviembre se realizar\u00e1n charlas para generar conciencia y a su vez habr\u00e1 controles \u00a0gratuitos de la glucosa en el D\u00eda Mundial de la Diabetes.<\/p>\n<p>En cuanto a Necochea y Quequ\u00e9n, la jornada comenzar\u00e1 a las 7.30 y se extender\u00e1 hasta las 12, tanto en la Plaza Dardo Rocha como en la plaza del Parque Miguel Lillo en 10 y 91; y en la Plaza Hip\u00f3lito Yrigoyen de Quequ\u00e9n, en 560 entre 519 y 521.<\/p>\n<p>En tales casos se har\u00e1 control de glucosa en ayunas y se brindar\u00e1n charlas e informaci\u00f3n sobre alimentaci\u00f3n, h\u00e1bitos y dietas saludables, remarcando a su vez la importancia de evitar el consumo de tabaco.<\/p>\n<p>En simult\u00e1neo a ello, de 9 a 11 en la Unidad Sanitaria de La Dulce se desarrollar\u00e1 una jornada recreativa y control de glucemia gratuito.<\/p>\n<p><a href=\"https:\/\/primicias2262.com\/noticias\/wp-content\/uploads\/2023\/11\/PLACA-Dia-de-la-Diabetes-La-Dulce.jpeg\"><img loading=\"lazy\" decoding=\"async\" class=\"aligncenter size-full wp-image-104623\" src=\"https:\/\/primicias2262.com\/noticias\/wp-content\/uploads\/2023\/11\/PLACA-Dia-de-la-Diabetes-La-Dulce.jpeg\" alt=\"\" width=\"1280\" height=\"1600\" srcset=\"https:\/\/primicias2262.com\/noticias\/wp-content\/uploads\/2023\/11\/PLACA-Dia-de-la-Diabetes-La-Dulce.jpeg 1280w, https:\/\/primicias2262.com\/noticias\/wp-content\/uploads\/2023\/11\/PLACA-Dia-de-la-Diabetes-La-Dulce-240x300.jpeg 240w, https:\/\/primicias2262.com\/noticias\/wp-content\/uploads\/2023\/11\/PLACA-Dia-de-la-Diabetes-La-Dulce-819x1024.jpeg 819w, https:\/\/primicias2262.com\/noticias\/wp-content\/uploads\/2023\/11\/PLACA-Dia-de-la-Diabetes-La-Dulce-768x960.jpeg 768w, https:\/\/primicias2262.com\/noticias\/wp-content\/uploads\/2023\/11\/PLACA-Dia-de-la-Diabetes-La-Dulce-1229x1536.jpeg 1229w, https:\/\/primicias2262.com\/noticias\/wp-content\/uploads\/2023\/11\/PLACA-Dia-de-la-Diabetes-La-Dulce-150x188.jpeg 150w, https:\/\/primicias2262.com\/noticias\/wp-content\/uploads\/2023\/11\/PLACA-Dia-de-la-Diabetes-La-Dulce-300x375.jpeg 300w, https:\/\/primicias2262.com\/noticias\/wp-content\/uploads\/2023\/11\/PLACA-Dia-de-la-Diabetes-La-Dulce-696x870.jpeg 696w, https:\/\/primicias2262.com\/noticias\/wp-content\/uploads\/2023\/11\/PLACA-Dia-de-la-Diabetes-La-Dulce-1068x1335.jpeg 1068w\" sizes=\"auto, (max-width: 1280px) 100vw, 1280px\" \/><\/a><strong>Consejos para evitar la diabetes<\/strong><\/p>\n<p>Asimismo, desde APS y la Secretar\u00eda de Salud se brindan \u00fatiles recomendaciones para evitar la diabetes:<\/p>\n<ul>\n<li>Realizar ejercicio regularmente<\/li>\n<li>Consumir frecuentemente frutas y verduras<\/li>\n<li>Evitar fumar y consumir bebidas alcoh\u00f3licas<\/li>\n<li>Evitar el consumo de az\u00facar, grasas trans y alimentos ultra procesados<\/li>\n<li>Controlar mediante chequeo m\u00e9dico el nivel de glucemia en ayunas una vez al a\u00f1o<\/li>\n<li>En cuanto a alimentaci\u00f3n, reducir la grasa abdominal y mantener un peso saludable<\/li>\n<\/ul>\n","protected":false},"excerpt":{"rendered":"<p>En la cabecera del distrito se desarrollar\u00e1n operativos en la Plaza Dardo Rocha y en el Parque Miguel Lillo, como as\u00ed en la plaza Hip\u00f3lito Yrigoyen de Quequ\u00e9n y en La Dulce. Bajo la coordinaci\u00f3n de la Direcci\u00f3n de Atenci\u00f3n Primaria, dependiente de la Secretar\u00eda de Salud del municipio, este martes 14 de noviembre se [&hellip;]<\/p>\n","protected":false},"author":3,"featured_media":104624,"comment_status":"open","ping_status":"open","sticky":false,"template":"","format":"standard","meta":{"footnotes":""},"categories":[3],"tags":[],"class_list":["post-104622","post","type-post","status-publish","format-standard","has-post-thumbnail","category-masnoticias"],"_links":{"self":[{"href":"https:\/\/primicias2262.com\/noticias\/wp-json\/wp\/v2\/posts\/104622","targetHints":{"allow":["GET"]}}],"collection":[{"href":"https:\/\/primicias2262.com\/noticias\/wp-json\/wp\/v2\/posts"}],"about":[{"href":"https:\/\/primicias2262.com\/noticias\/wp-json\/wp\/v2\/types\/post"}],"author":[{"embeddable":true,"href":"https:\/\/primicias2262.com\/noticias\/wp-json\/wp\/v2\/users\/3"}],"replies":[{"embeddable":true,"href":"https:\/\/primicias2262.com\/noticias\/wp-json\/wp\/v2\/comments?post=104622"}],"version-history":[{"count":2,"href":"https:\/\/primicias2262.com\/noticias\/wp-json\/wp\/v2\/posts\/104622\/revisions"}],"predecessor-version":[{"id":104646,"href":"https:\/\/primicias2262.com\/noticias\/wp-json\/wp\/v2\/posts\/104622\/revisions\/104646"}],"wp:featuredmedia":[{"embeddable":true,"href":"https:\/\/primicias2262.com\/noticias\/wp-json\/wp\/v2\/media\/104624"}],"wp:attachment":[{"href":"https:\/\/primicias2262.com\/noticias\/wp-json\/wp\/v2\/media?parent=104622"}],"wp:term":[{"taxonomy":"category","embeddable":true,"href":"https:\/\/primicias2262.com\/noticias\/wp-json\/wp\/v2\/categories?post=104622"},{"taxonomy":"post_tag","embeddable":true,"href":"https:\/\/primicias2262.com\/noticias\/wp-json\/wp\/v2\/tags?post=104622"}],"curies":[{"name":"wp","href":"https:\/\/api.w.org\/{rel}","templated":true}]}}