{"id":104632,"date":"2023-11-13T14:18:49","date_gmt":"2023-11-13T14:18:49","guid":{"rendered":"https:\/\/primicias2262.com\/noticias\/?p=104632"},"modified":"2023-11-14T12:46:07","modified_gmt":"2023-11-14T12:46:07","slug":"balance-mas-que-positivo-de-la-fiesta-del-folclore-y-la-tradicion-en-la-plaza-del-centro","status":"publish","type":"post","link":"https:\/\/primicias2262.com\/noticias\/balance-mas-que-positivo-de-la-fiesta-del-folclore-y-la-tradicion-en-la-plaza-del-centro\/","title":{"rendered":"Balance m\u00e1s que positivo de la Fiesta del Folclore y la Tradici\u00f3n en la plaza del centro"},"content":{"rendered":"<p><strong>El director de Cultura, Juan Gamba, resalt\u00f3 a las m\u00faltiples agrupaciones y bandas musicales que le dieron vida el fin de semana a la Fiesta del Folclore en la Plaza Dardo Rocha, como celebraci\u00f3n del D\u00eda de la Tradici\u00f3n.<\/strong><\/p>\n<p>Con la organizaci\u00f3n de la Direcci\u00f3n de Cultura, dependiente de la Secretar\u00eda de Turismo y Desarrollo Productivo, el fin de semana la Plaza Dardo Rocha se visti\u00f3 con los colores patrios para celebrar la Fiesta del Folclore y la Tradici\u00f3n. De forma masiva, las familias se acercaron al centro de la ciudad para disfrutar de dos jornadas a puro baile.<\/p>\n<p>Es por ello que a modo de cierre, el director de Cultura, Juan Gamba, defini\u00f3 que \u201cel balance es m\u00e1s que positivo, a pesar de tener un domingo con clima muy fr\u00edo, la gente se acerc\u00f3 igual y a la tardecita que calm\u00f3 el viento la plaza tuvo una buena cantidad de p\u00fablico asistente\u201d.<\/p>\n<p>El funcionario recalc\u00f3 la importancia de contar con dos grupos invitados como La Voladura y Dicos Tr\u00edo para cerrar cada una de las jornadas y adem\u00e1s expres\u00f3 que \u201ctuvimos una gran marat\u00f3n folcl\u00f3rica, con casi 20 agrupaciones y 20 grupos musicales. \u00a0Tanto los danzarines como los m\u00fasicos se expresaron muy agradecidos por la convocatoria\u201d.<\/p>\n<figure class=\"wp-block-image size-full\"><img loading=\"lazy\" decoding=\"async\" class=\"wp-image-82165\" src=\"https:\/\/necochea.gov.ar\/wp-content\/uploads\/2023\/11\/13-11-FOTO-Fiesta-del-Folclore4.jpeg\" alt=\"\" width=\"1280\" height=\"853\" \/><\/figure>\n<p>Incluso, \u201clos protagonistas solicitaron por favor desde el escenario que no se corten estos eventos folcl\u00f3ricos, que hac\u00eda mucho tiempo que nos los ten\u00edan y era una necesidad para ellos\u201d, subray\u00f3 el director de Cultura.<\/p>\n<p>Adem\u00e1s, Gamba valor\u00f3 el acompa\u00f1amiento de los veh\u00edculos gastron\u00f3micos alrededor de la plaza. \u201cLa gente bail\u00f3 much\u00edsimo en la rotonda de Mariano Necochea, en lo que fue un fin de semana a puro folclore\u201d, concluy\u00f3.<\/p>\n<figure class=\"wp-block-image size-full\"><img loading=\"lazy\" decoding=\"async\" class=\"wp-image-82163\" src=\"https:\/\/necochea.gov.ar\/wp-content\/uploads\/2023\/11\/13-11-FOTO-Fiesta-del-Folclore2.jpeg\" alt=\"\" width=\"1280\" height=\"853\" \/><\/figure>\n","protected":false},"excerpt":{"rendered":"<p>El director de Cultura, Juan Gamba, resalt\u00f3 a las m\u00faltiples agrupaciones y bandas musicales que le dieron vida el fin de semana a la Fiesta del Folclore en la Plaza Dardo Rocha, como celebraci\u00f3n del D\u00eda de la Tradici\u00f3n. Con la organizaci\u00f3n de la Direcci\u00f3n de Cultura, dependiente de la Secretar\u00eda de Turismo y Desarrollo [&hellip;]<\/p>\n","protected":false},"author":3,"featured_media":104633,"comment_status":"open","ping_status":"open","sticky":false,"template":"","format":"standard","meta":{"footnotes":""},"categories":[3],"tags":[],"class_list":["post-104632","post","type-post","status-publish","format-standard","has-post-thumbnail","category-masnoticias"],"_links":{"self":[{"href":"https:\/\/primicias2262.com\/noticias\/wp-json\/wp\/v2\/posts\/104632","targetHints":{"allow":["GET"]}}],"collection":[{"href":"https:\/\/primicias2262.com\/noticias\/wp-json\/wp\/v2\/posts"}],"about":[{"href":"https:\/\/primicias2262.com\/noticias\/wp-json\/wp\/v2\/types\/post"}],"author":[{"embeddable":true,"href":"https:\/\/primicias2262.com\/noticias\/wp-json\/wp\/v2\/users\/3"}],"replies":[{"embeddable":true,"href":"https:\/\/primicias2262.com\/noticias\/wp-json\/wp\/v2\/comments?post=104632"}],"version-history":[{"count":1,"href":"https:\/\/primicias2262.com\/noticias\/wp-json\/wp\/v2\/posts\/104632\/revisions"}],"predecessor-version":[{"id":104634,"href":"https:\/\/primicias2262.com\/noticias\/wp-json\/wp\/v2\/posts\/104632\/revisions\/104634"}],"wp:featuredmedia":[{"embeddable":true,"href":"https:\/\/primicias2262.com\/noticias\/wp-json\/wp\/v2\/media\/104633"}],"wp:attachment":[{"href":"https:\/\/primicias2262.com\/noticias\/wp-json\/wp\/v2\/media?parent=104632"}],"wp:term":[{"taxonomy":"category","embeddable":true,"href":"https:\/\/primicias2262.com\/noticias\/wp-json\/wp\/v2\/categories?post=104632"},{"taxonomy":"post_tag","embeddable":true,"href":"https:\/\/primicias2262.com\/noticias\/wp-json\/wp\/v2\/tags?post=104632"}],"curies":[{"name":"wp","href":"https:\/\/api.w.org\/{rel}","templated":true}]}}