{"id":104636,"date":"2023-11-14T12:45:48","date_gmt":"2023-11-14T12:45:48","guid":{"rendered":"https:\/\/primicias2262.com\/noticias\/?p=104636"},"modified":"2023-11-15T17:21:16","modified_gmt":"2023-11-15T17:21:16","slug":"amplia-representacion-necochense-en-una-nueva-edicion-de-la-media-maraton-de-mar-del-plata","status":"publish","type":"post","link":"https:\/\/primicias2262.com\/noticias\/amplia-representacion-necochense-en-una-nueva-edicion-de-la-media-maraton-de-mar-del-plata\/","title":{"rendered":"Amplia representaci\u00f3n necochense en una nueva edici\u00f3n de la Media Marat\u00f3n de Mar del Plata"},"content":{"rendered":"<p>Una nueva edici\u00f3n de los 21 kil\u00f3metros marplatenses se desarroll\u00f3 este domingo con buen clima y m\u00e1s de 11 mil personas que corrieron por la costa, una cifra que marc\u00f3 un r\u00e9cord de competidores. En el caso de Necochea y Quequ\u00e9n, una nutrida delegaci\u00f3n dijo presente con los distintos grupos de entrenamiento que hay en la Ciudad (MCS Sport, WM, Necochea Running, Delfo Cabrera, 4&#215;4, ultra run), en las Distancias 21km, 10km y 5 km.<\/p>\n<p>Desde muy temprano la Plaza Col\u00f3n de \u201cLa Feliz\u201d fue centro de miles de almas tratando de entrar en calor, entre gazebos de Equipos de Running. Entre los m\u00e1s destacados de necochea, se encuentra al representante de la MCS Sport, Juli\u00e1n Giunti, quien el s\u00e1bado a la ma\u00f1ana se hab\u00eda quedado con el Campeonato Provincial de Abogados. El abogado necochense de reconocida trayectoria, se qued\u00f3 por tercera vez consecutiva con la victoria en la Prueba de 8km, que se llev\u00f3 a cabo sobre Plaza Espa\u00f1a hasta la avenida Constituci\u00f3n, ida y vuelta.<\/p>\n<p>Y el domingo Giunti fren\u00f3 el cronometro en 1 hora 19\u2019, siendo el mejor necochense clasificado en la Pposici\u00f3n 34 de la general. Asimismo, figuran en la larga lista Diego Olivera (1 hora 28), Gabriel P\u00e9rez (1 hora 29) y Fabi\u00e1n Ib\u00e1\u00f1ez (1hora 30).<\/p>\n<p>En otras distancias, se destacaron Leandro Guevara en 10km y Jos\u00e9 Fern\u00e1ndez Guerrero en 5km, entre muchos otros que estuvieron presentes para colocarse el dorsal y largar y cumplir con las metas que se proponen. \u201cDesde la MCS Sport felicitamos a todos e incentivamos a la pr\u00e1ctica deportiva en todas las disciplinas\u201d, expresaron.<\/p>\n<p><a href=\"https:\/\/primicias2262.com\/noticias\/wp-content\/uploads\/2023\/11\/WhatsApp-Image-2023-11-13-at-1.03.27-PM.jpeg\"><img loading=\"lazy\" decoding=\"async\" class=\"aligncenter size-full wp-image-104637\" src=\"https:\/\/primicias2262.com\/noticias\/wp-content\/uploads\/2023\/11\/WhatsApp-Image-2023-11-13-at-1.03.27-PM.jpeg\" alt=\"\" width=\"1200\" height=\"1600\" srcset=\"https:\/\/primicias2262.com\/noticias\/wp-content\/uploads\/2023\/11\/WhatsApp-Image-2023-11-13-at-1.03.27-PM.jpeg 1200w, https:\/\/primicias2262.com\/noticias\/wp-content\/uploads\/2023\/11\/WhatsApp-Image-2023-11-13-at-1.03.27-PM-225x300.jpeg 225w, https:\/\/primicias2262.com\/noticias\/wp-content\/uploads\/2023\/11\/WhatsApp-Image-2023-11-13-at-1.03.27-PM-768x1024.jpeg 768w, https:\/\/primicias2262.com\/noticias\/wp-content\/uploads\/2023\/11\/WhatsApp-Image-2023-11-13-at-1.03.27-PM-1152x1536.jpeg 1152w, https:\/\/primicias2262.com\/noticias\/wp-content\/uploads\/2023\/11\/WhatsApp-Image-2023-11-13-at-1.03.27-PM-150x200.jpeg 150w, https:\/\/primicias2262.com\/noticias\/wp-content\/uploads\/2023\/11\/WhatsApp-Image-2023-11-13-at-1.03.27-PM-300x400.jpeg 300w, https:\/\/primicias2262.com\/noticias\/wp-content\/uploads\/2023\/11\/WhatsApp-Image-2023-11-13-at-1.03.27-PM-696x928.jpeg 696w, https:\/\/primicias2262.com\/noticias\/wp-content\/uploads\/2023\/11\/WhatsApp-Image-2023-11-13-at-1.03.27-PM-1068x1424.jpeg 1068w\" sizes=\"auto, (max-width: 1200px) 100vw, 1200px\" \/><\/a><\/p>\n","protected":false},"excerpt":{"rendered":"<p>Una nueva edici\u00f3n de los 21 kil\u00f3metros marplatenses se desarroll\u00f3 este domingo con buen clima y m\u00e1s de 11 mil personas que corrieron por la costa, una cifra que marc\u00f3 un r\u00e9cord de competidores. En el caso de Necochea y Quequ\u00e9n, una nutrida delegaci\u00f3n dijo presente con los distintos grupos de entrenamiento que hay en [&hellip;]<\/p>\n","protected":false},"author":3,"featured_media":104638,"comment_status":"open","ping_status":"open","sticky":false,"template":"","format":"standard","meta":{"footnotes":""},"categories":[3],"tags":[],"class_list":["post-104636","post","type-post","status-publish","format-standard","has-post-thumbnail","category-masnoticias"],"_links":{"self":[{"href":"https:\/\/primicias2262.com\/noticias\/wp-json\/wp\/v2\/posts\/104636","targetHints":{"allow":["GET"]}}],"collection":[{"href":"https:\/\/primicias2262.com\/noticias\/wp-json\/wp\/v2\/posts"}],"about":[{"href":"https:\/\/primicias2262.com\/noticias\/wp-json\/wp\/v2\/types\/post"}],"author":[{"embeddable":true,"href":"https:\/\/primicias2262.com\/noticias\/wp-json\/wp\/v2\/users\/3"}],"replies":[{"embeddable":true,"href":"https:\/\/primicias2262.com\/noticias\/wp-json\/wp\/v2\/comments?post=104636"}],"version-history":[{"count":2,"href":"https:\/\/primicias2262.com\/noticias\/wp-json\/wp\/v2\/posts\/104636\/revisions"}],"predecessor-version":[{"id":104681,"href":"https:\/\/primicias2262.com\/noticias\/wp-json\/wp\/v2\/posts\/104636\/revisions\/104681"}],"wp:featuredmedia":[{"embeddable":true,"href":"https:\/\/primicias2262.com\/noticias\/wp-json\/wp\/v2\/media\/104638"}],"wp:attachment":[{"href":"https:\/\/primicias2262.com\/noticias\/wp-json\/wp\/v2\/media?parent=104636"}],"wp:term":[{"taxonomy":"category","embeddable":true,"href":"https:\/\/primicias2262.com\/noticias\/wp-json\/wp\/v2\/categories?post=104636"},{"taxonomy":"post_tag","embeddable":true,"href":"https:\/\/primicias2262.com\/noticias\/wp-json\/wp\/v2\/tags?post=104636"}],"curies":[{"name":"wp","href":"https:\/\/api.w.org\/{rel}","templated":true}]}}