{"id":104640,"date":"2023-11-14T00:46:26","date_gmt":"2023-11-14T00:46:26","guid":{"rendered":"https:\/\/primicias2262.com\/noticias\/?p=104640"},"modified":"2023-11-15T12:46:31","modified_gmt":"2023-11-15T12:46:31","slug":"kenji-farias-morillo-medalla-de-oro-en-el-campeonato-argentino-absoluto","status":"publish","type":"post","link":"https:\/\/primicias2262.com\/noticias\/kenji-farias-morillo-medalla-de-oro-en-el-campeonato-argentino-absoluto\/","title":{"rendered":"Kenji Farias Morillo: medalla de oro en el Campeonato Argentino Absoluto"},"content":{"rendered":"<p><strong>De 12 al 18 de octubre, se lleva a cabo el Campeonato Argentino Absoluto en la ciudad de Mar del Plata. En la primera edici\u00f3n de este torneo, Necochea tuvo su representaci\u00f3n de la mano de Kenji Farias Morillo, patinador del equipo que representa a la Sociedad Espa\u00f1ola de nuestra ciudad.<\/strong><\/p>\n<p>En el d\u00eda de ayer, la cita fue en el polideportivo Islas Malvinas de la vecina ciudad. Cabe destacar que la participaci\u00f3n en este torneo implica una clasificaci\u00f3n previa. Kenji obtuvo la misma en el torneo nacional de la divisional B en la provincia de Mendoza el pasado mes de abril y compiti\u00f3 en la categor\u00eda 3\u00b0B junior caballeros, disciplina libre.<\/p>\n<p><a href=\"https:\/\/primicias2262.com\/noticias\/wp-content\/uploads\/2023\/11\/Kenji-Farias-Morillo-Selene-Gonzalez.jpg\"><img loading=\"lazy\" decoding=\"async\" class=\"aligncenter size-full wp-image-104641\" src=\"https:\/\/primicias2262.com\/noticias\/wp-content\/uploads\/2023\/11\/Kenji-Farias-Morillo-Selene-Gonzalez.jpg\" alt=\"\" width=\"963\" height=\"540\" srcset=\"https:\/\/primicias2262.com\/noticias\/wp-content\/uploads\/2023\/11\/Kenji-Farias-Morillo-Selene-Gonzalez.jpg 963w, https:\/\/primicias2262.com\/noticias\/wp-content\/uploads\/2023\/11\/Kenji-Farias-Morillo-Selene-Gonzalez-300x168.jpg 300w, https:\/\/primicias2262.com\/noticias\/wp-content\/uploads\/2023\/11\/Kenji-Farias-Morillo-Selene-Gonzalez-768x431.jpg 768w, https:\/\/primicias2262.com\/noticias\/wp-content\/uploads\/2023\/11\/Kenji-Farias-Morillo-Selene-Gonzalez-150x84.jpg 150w, https:\/\/primicias2262.com\/noticias\/wp-content\/uploads\/2023\/11\/Kenji-Farias-Morillo-Selene-Gonzalez-696x390.jpg 696w\" sizes=\"auto, (max-width: 963px) 100vw, 963px\" \/><\/a>En palabras de Selene Gonz\u00e1lez Guti\u00e9rrez, t\u00e9cnica nacional de pat\u00edn art\u00edstico y docente de teatro:<\/p>\n<p>\u00abComo su entrenadora no puedo expresar otra emoci\u00f3n m\u00e1s que orgullo. Ken se super\u00f3 subiendo m\u00e1s de 6 puntos en su marca nacional y en el sistema Rollart 6 puntos es much\u00edsimo. Hay una muy linda proyecci\u00f3n y sobre todo un equipo hermoso. Fue la primera vez que tuvimos un nacional tan cerca de casa y eso nos permiti\u00f3 sentirnos acompa\u00f1ados por familiares y 5 de sus compa\u00f1eras de equipo que viajaron para alentarlo y contenerlo. Contamos con la presencia de Gime, patinadora y a la vez nutricionista con qui\u00e9n venimos trabajando hace meses. No puedo dejar de mencionar a las autoridades de la Asociaci\u00f3n tandilense con qui\u00e9n ya tenemos un v\u00ednculo muy cercano. Y por \u00faltimo, representar a la Sociedad Espa\u00f1ola es siempre un motivo de orgullo porque la instituci\u00f3n se preocupa por acompa\u00f1ar a nuestros chicos y eso vale un mill\u00f3n. Entiendo que contar con tanto apoyo, hace una diferencia. Entre el subcampeonato de clubes que nos trajimos el finde pasado y ahora esto, no damos m\u00e1s de emoci\u00f3n, todav\u00eda no caemos. Es un cierre de a\u00f1o so\u00f1ado\u00bb.<\/p>\n<div id='gallery-1' class='gallery galleryid-104640 gallery-columns-2 gallery-size-medium'><figure class='gallery-item'>\n\t\t\t<div class='gallery-icon portrait'>\n\t\t\t\t<a href='https:\/\/primicias2262.com\/noticias\/kenji-farias-morillo-medalla-de-oro-en-el-campeonato-argentino-absoluto\/kenji-medalla-de-oro\/'><img loading=\"lazy\" decoding=\"async\" width=\"169\" height=\"300\" src=\"https:\/\/primicias2262.com\/noticias\/wp-content\/uploads\/2023\/11\/Kenji-medalla-de-oro-169x300.jpeg\" class=\"attachment-medium size-medium\" alt=\"\" srcset=\"https:\/\/primicias2262.com\/noticias\/wp-content\/uploads\/2023\/11\/Kenji-medalla-de-oro-169x300.jpeg 169w, https:\/\/primicias2262.com\/noticias\/wp-content\/uploads\/2023\/11\/Kenji-medalla-de-oro-576x1024.jpeg 576w, https:\/\/primicias2262.com\/noticias\/wp-content\/uploads\/2023\/11\/Kenji-medalla-de-oro-150x267.jpeg 150w, https:\/\/primicias2262.com\/noticias\/wp-content\/uploads\/2023\/11\/Kenji-medalla-de-oro-300x533.jpeg 300w, https:\/\/primicias2262.com\/noticias\/wp-content\/uploads\/2023\/11\/Kenji-medalla-de-oro-696x1237.jpeg 696w, https:\/\/primicias2262.com\/noticias\/wp-content\/uploads\/2023\/11\/Kenji-medalla-de-oro.jpeg 720w\" sizes=\"auto, (max-width: 169px) 100vw, 169px\" \/><\/a>\n\t\t\t<\/div><\/figure><figure class='gallery-item'>\n\t\t\t<div class='gallery-icon portrait'>\n\t\t\t\t<a href='https:\/\/primicias2262.com\/noticias\/kenji-farias-morillo-medalla-de-oro-en-el-campeonato-argentino-absoluto\/kenji-medalla-de-oro2\/'><img loading=\"lazy\" decoding=\"async\" width=\"169\" height=\"300\" src=\"https:\/\/primicias2262.com\/noticias\/wp-content\/uploads\/2023\/11\/Kenji-medalla-de-oro2-169x300.jpeg\" class=\"attachment-medium size-medium\" alt=\"\" srcset=\"https:\/\/primicias2262.com\/noticias\/wp-content\/uploads\/2023\/11\/Kenji-medalla-de-oro2-169x300.jpeg 169w, https:\/\/primicias2262.com\/noticias\/wp-content\/uploads\/2023\/11\/Kenji-medalla-de-oro2-576x1024.jpeg 576w, https:\/\/primicias2262.com\/noticias\/wp-content\/uploads\/2023\/11\/Kenji-medalla-de-oro2-150x267.jpeg 150w, https:\/\/primicias2262.com\/noticias\/wp-content\/uploads\/2023\/11\/Kenji-medalla-de-oro2-300x533.jpeg 300w, https:\/\/primicias2262.com\/noticias\/wp-content\/uploads\/2023\/11\/Kenji-medalla-de-oro2-696x1237.jpeg 696w, https:\/\/primicias2262.com\/noticias\/wp-content\/uploads\/2023\/11\/Kenji-medalla-de-oro2.jpeg 720w\" sizes=\"auto, (max-width: 169px) 100vw, 169px\" \/><\/a>\n\t\t\t<\/div><\/figure>\n\t\t<\/div>\n\n","protected":false},"excerpt":{"rendered":"<p>De 12 al 18 de octubre, se lleva a cabo el Campeonato Argentino Absoluto en la ciudad de Mar del Plata. En la primera edici\u00f3n de este torneo, Necochea tuvo su representaci\u00f3n de la mano de Kenji Farias Morillo, patinador del equipo que representa a la Sociedad Espa\u00f1ola de nuestra ciudad. En el d\u00eda de [&hellip;]<\/p>\n","protected":false},"author":3,"featured_media":104644,"comment_status":"open","ping_status":"open","sticky":false,"template":"","format":"standard","meta":{"footnotes":""},"categories":[5],"tags":[],"class_list":{"0":"post-104640","1":"post","2":"type-post","3":"status-publish","4":"format-standard","5":"has-post-thumbnail","7":"category-neco"},"_links":{"self":[{"href":"https:\/\/primicias2262.com\/noticias\/wp-json\/wp\/v2\/posts\/104640","targetHints":{"allow":["GET"]}}],"collection":[{"href":"https:\/\/primicias2262.com\/noticias\/wp-json\/wp\/v2\/posts"}],"about":[{"href":"https:\/\/primicias2262.com\/noticias\/wp-json\/wp\/v2\/types\/post"}],"author":[{"embeddable":true,"href":"https:\/\/primicias2262.com\/noticias\/wp-json\/wp\/v2\/users\/3"}],"replies":[{"embeddable":true,"href":"https:\/\/primicias2262.com\/noticias\/wp-json\/wp\/v2\/comments?post=104640"}],"version-history":[{"count":1,"href":"https:\/\/primicias2262.com\/noticias\/wp-json\/wp\/v2\/posts\/104640\/revisions"}],"predecessor-version":[{"id":104645,"href":"https:\/\/primicias2262.com\/noticias\/wp-json\/wp\/v2\/posts\/104640\/revisions\/104645"}],"wp:featuredmedia":[{"embeddable":true,"href":"https:\/\/primicias2262.com\/noticias\/wp-json\/wp\/v2\/media\/104644"}],"wp:attachment":[{"href":"https:\/\/primicias2262.com\/noticias\/wp-json\/wp\/v2\/media?parent=104640"}],"wp:term":[{"taxonomy":"category","embeddable":true,"href":"https:\/\/primicias2262.com\/noticias\/wp-json\/wp\/v2\/categories?post=104640"},{"taxonomy":"post_tag","embeddable":true,"href":"https:\/\/primicias2262.com\/noticias\/wp-json\/wp\/v2\/tags?post=104640"}],"curies":[{"name":"wp","href":"https:\/\/api.w.org\/{rel}","templated":true}]}}