{"id":104652,"date":"2023-11-14T17:18:18","date_gmt":"2023-11-14T17:18:18","guid":{"rendered":"https:\/\/primicias2262.com\/noticias\/?p=104652"},"modified":"2023-11-16T17:35:52","modified_gmt":"2023-11-16T17:35:52","slug":"el-dirigente-fito-avila-en-defensa-de-los-clubes-a-las-sa-no-les-interesa-el-desarrollo-humano","status":"publish","type":"post","link":"https:\/\/primicias2262.com\/noticias\/el-dirigente-fito-avila-en-defensa-de-los-clubes-a-las-sa-no-les-interesa-el-desarrollo-humano\/","title":{"rendered":"El dirigente \u201cFito\u201d \u00c1vila en defensa de los clubes: \u201cA las SA no les interesa el desarrollo humano\u201d"},"content":{"rendered":"<p><strong>Integrante de la Uni\u00f3n de Clubes de Necochea y dirigente activo del Club Villa del Parque, Adolfo \u201cFito\u201d \u00c1vila visit\u00f3 los estudios de \u201cVoces de la Ciudad\u201d y dialog\u00f3 con el periodista Jorge G\u00f3mez sobre la intenci\u00f3n del candidato a presidente Javier Milei de privatizar los clubes, permitiendo la llegada de las Sociedades An\u00f3nimas Deportivas.<\/strong><\/p>\n<p>\u201cNos tocaron los clubes, que son entidades intermedias sin fines de lucro\u201d, expres\u00f3 antes que nada en salvaguarda de las instituciones, para acusar luego que \u201ctodo lo de Milei pasa absolutamente por la plata y el problema de los clubes no es exactamente la plata, s\u00ed pueden ser el problema los medios, que no es lo mismo\u2026 \u00e9l no aprendi\u00f3 econom\u00eda, sino teor\u00edas econ\u00f3micas, que tampoco es lo mismo\u2026 la econom\u00eda est\u00e1 en la calle, en los clubes, en las instituciones intermedias, en la vereda y en la convivencia con el vecino, cosa que Milei no tiene\u201d.<\/p>\n<p>Por ello, \u201cFito\u201d grafic\u00f3 que \u201cdejar entrever estas medidas para alguien que jam\u00e1s me\u00f3 debajo de una tribuna demuestra que est\u00e1 muy lejos de la realidad. Es humanamente y socialmente incorrecta su pol\u00edtica\u201d.<\/p>\n<p>En contraposici\u00f3n, se\u00f1al\u00f3 que \u201cno hay mejor inversi\u00f3n del capital humano que tu hijo te vea trabajando por su felicidad, entonces no es lo mismo que el chico mame y conviva con un pap\u00e1 que est\u00e1 trabajando y cortando el pasto y se va a la casa con olor a humo por hacer los chorizos para generar la manera de que \u00e9l haga un deporte, que un pap\u00e1 que en una oficina genera un cheque y se lo da para que haga lo que el chico quiera. No es lo mismo y no crece igual esa criatura\u201d.<\/p>\n<p>Seguidamente, \u00c1vila se refiri\u00f3 a las nociones de educaci\u00f3n vertidas por Milei: \u201cDec\u00eda en el debate que el 16% de los j\u00f3venes que ingresan al colegio no lo terminan en tiempo y forma y el 30% solo lo terminan\u2026 pero los que hicieron las grandes cagadas en este pa\u00eds tienen la secundaria completa, saben sumar y restar perfectamente, el mal de este pa\u00eds no es por aquellos que no terminan la secundaria en tiempo y forma, pero por supuesto que est\u00e1 lleno de limitaciones porque el pobre no solo lo es econ\u00f3micamente, sino en condiciones y en posibilidades\u201d.<\/p>\n<p>Es decir, \u201cla pobreza no pasa solo por la escasez de dinero, entonces ad\u00f3nde quiere llegar este se\u00f1or con sus medidas, ad\u00f3nde quiere que lleguen las instituciones intermedias y a qu\u00e9 tipo de gente, bajo que benefici\u00f3 y a qu\u00e9 costo. El beneficio es para cuatro o cinco fantasmas\u2026 Racing es un ejemplo, fue un club financiado por grupos econ\u00f3micos a los que los socios los sacaron a patadas porque estaban destruyendo la instituci\u00f3n\u201d.<\/p>\n<p>Luego apunt\u00f3 con autocr\u00edtica que \u201ctambi\u00e9n tendremos que hacer nuestro mea culpa, ac\u00e1 hay muchas cosas que se hicieron mal y la manera de corregir estas cosas es haciendo nuestro trabajo cotidiano cada uno de los ciudadanos. Debemos tomar conciencia de que hemos generado este personaje con posibilidades de gobernar el pa\u00eds, una persona que dijo que los argentinos no servimos para nada y no nos merecemos estar mejor\u201d.<\/p>\n<p>Finalmente, \u00c1vila argument\u00f3 que \u201clas cosas de la vida y el conocer al otro se aprenden y se maman en los clubes y en las instituciones intermedias, o te crees que las sociedades an\u00f3nimas van a ir con ese tipo de conceptos\u2026 al contrario, no les interesa qu\u00e9 es lo que les est\u00e1 pasando. Lo que les interesa es que paguen la cuota y poder derivar esa plata a alg\u00fan tipo de inversiones para generar m\u00e1s dinero. No les interesan ni los clubes, ni los chicos ni el desarrollo humano\u201d.<\/p>\n","protected":false},"excerpt":{"rendered":"<p>Integrante de la Uni\u00f3n de Clubes de Necochea y dirigente activo del Club Villa del Parque, Adolfo \u201cFito\u201d \u00c1vila visit\u00f3 los estudios de \u201cVoces de la Ciudad\u201d y dialog\u00f3 con el periodista Jorge G\u00f3mez sobre la intenci\u00f3n del candidato a presidente Javier Milei de privatizar los clubes, permitiendo la llegada de las Sociedades An\u00f3nimas Deportivas. [&hellip;]<\/p>\n","protected":false},"author":3,"featured_media":104654,"comment_status":"open","ping_status":"open","sticky":false,"template":"","format":"standard","meta":{"footnotes":""},"categories":[3],"tags":[],"class_list":["post-104652","post","type-post","status-publish","format-standard","has-post-thumbnail","category-masnoticias"],"_links":{"self":[{"href":"https:\/\/primicias2262.com\/noticias\/wp-json\/wp\/v2\/posts\/104652","targetHints":{"allow":["GET"]}}],"collection":[{"href":"https:\/\/primicias2262.com\/noticias\/wp-json\/wp\/v2\/posts"}],"about":[{"href":"https:\/\/primicias2262.com\/noticias\/wp-json\/wp\/v2\/types\/post"}],"author":[{"embeddable":true,"href":"https:\/\/primicias2262.com\/noticias\/wp-json\/wp\/v2\/users\/3"}],"replies":[{"embeddable":true,"href":"https:\/\/primicias2262.com\/noticias\/wp-json\/wp\/v2\/comments?post=104652"}],"version-history":[{"count":2,"href":"https:\/\/primicias2262.com\/noticias\/wp-json\/wp\/v2\/posts\/104652\/revisions"}],"predecessor-version":[{"id":104691,"href":"https:\/\/primicias2262.com\/noticias\/wp-json\/wp\/v2\/posts\/104652\/revisions\/104691"}],"wp:featuredmedia":[{"embeddable":true,"href":"https:\/\/primicias2262.com\/noticias\/wp-json\/wp\/v2\/media\/104654"}],"wp:attachment":[{"href":"https:\/\/primicias2262.com\/noticias\/wp-json\/wp\/v2\/media?parent=104652"}],"wp:term":[{"taxonomy":"category","embeddable":true,"href":"https:\/\/primicias2262.com\/noticias\/wp-json\/wp\/v2\/categories?post=104652"},{"taxonomy":"post_tag","embeddable":true,"href":"https:\/\/primicias2262.com\/noticias\/wp-json\/wp\/v2\/tags?post=104652"}],"curies":[{"name":"wp","href":"https:\/\/api.w.org\/{rel}","templated":true}]}}