{"id":104656,"date":"2023-11-14T08:11:10","date_gmt":"2023-11-14T08:11:10","guid":{"rendered":"https:\/\/primicias2262.com\/noticias\/?p=104656"},"modified":"2023-11-15T17:23:17","modified_gmt":"2023-11-15T17:23:17","slug":"este-miercoles-migrar-asesorara-sobre-la-tramitacion-de-la-ciudadania-espanola","status":"publish","type":"post","link":"https:\/\/primicias2262.com\/noticias\/este-miercoles-migrar-asesorara-sobre-la-tramitacion-de-la-ciudadania-espanola\/","title":{"rendered":"Este mi\u00e9rcoles Migrar asesorar\u00e1 sobre la tramitaci\u00f3n de la ciudadan\u00eda espa\u00f1ola"},"content":{"rendered":"<p><strong>Ser\u00e1 de 10 a 16 en 63 n\u00ba 2733 entre 60 y 62, en el Centro Asturiano, con el fin de explicar sobre la Ley de nietos. \u201cEl objetivo es que puedan acceder nuevamente los descendientes espa\u00f1oles que tienen derecho de solicitar su carta de ciudadan\u00eda\u201d, anticip\u00f3 la abogada del grupo Migrar, Dra. Sandra Paternio.<\/strong><\/p>\n<p>En nota telef\u00f3nica con el periodista Jorge G\u00f3mez en \u201cVoces de la Ciudad\u201d, la profesional afirm\u00f3 que \u201cel objetivo es que puedan acceder nuevamente los descendientes espa\u00f1oles que tienen derecho de solicitar su carta de ciudadan\u00eda\u201d, y para tal fin se brindar\u00e1 este primer asesoramiento gratuito.<\/p>\n<p>Acerca de la Ley de nietos, la abogada record\u00f3 que en octubre de 2021 se sancion\u00f3 por dos a\u00f1os y cumplido ese tiempo se prorrog\u00f3 hasta octubre de 2024. Incluso, dej\u00f3 un tel\u00e9fono marplatense para consultas, el 223-4228444.<\/p>\n<p>Paternio explic\u00f3 que \u201cla ley de ciudadan\u00eda espa\u00f1ola es diferente a la de otras ciudadan\u00edas y en este caso se requiere s\u00ed o s\u00ed que haya un espa\u00f1ol de origen para poder transmitir, no es como el caso de la italiana que se transmite siempre que haya un ascendente, en este caso no es as\u00ed y por eso se llama Ley de Nietos\u201d.<\/p>\n<p>Ampli\u00f3 que \u201cla ciudadan\u00eda espa\u00f1ola se tiene por haber nacido en Espa\u00f1a, por ser de origen espa\u00f1ol o por haber nacido de un espa\u00f1ol\u201d, y acot\u00f3 que \u201csi no se hace el tr\u00e1mite de ratificar ante de los 18 a\u00f1os se pierde la ciudadan\u00eda y no se puede transmitir, por ello estamos queriendo informar a todos aquellos que tienen el derecho, que no lo pierdan\u201d.<\/p>\n","protected":false},"excerpt":{"rendered":"<p>Ser\u00e1 de 10 a 16 en 63 n\u00ba 2733 entre 60 y 62, en el Centro Asturiano, con el fin de explicar sobre la Ley de nietos. \u201cEl objetivo es que puedan acceder nuevamente los descendientes espa\u00f1oles que tienen derecho de solicitar su carta de ciudadan\u00eda\u201d, anticip\u00f3 la abogada del grupo Migrar, Dra. Sandra Paternio. [&hellip;]<\/p>\n","protected":false},"author":3,"featured_media":104657,"comment_status":"open","ping_status":"open","sticky":false,"template":"","format":"standard","meta":{"footnotes":""},"categories":[3],"tags":[],"class_list":["post-104656","post","type-post","status-publish","format-standard","has-post-thumbnail","category-masnoticias"],"_links":{"self":[{"href":"https:\/\/primicias2262.com\/noticias\/wp-json\/wp\/v2\/posts\/104656","targetHints":{"allow":["GET"]}}],"collection":[{"href":"https:\/\/primicias2262.com\/noticias\/wp-json\/wp\/v2\/posts"}],"about":[{"href":"https:\/\/primicias2262.com\/noticias\/wp-json\/wp\/v2\/types\/post"}],"author":[{"embeddable":true,"href":"https:\/\/primicias2262.com\/noticias\/wp-json\/wp\/v2\/users\/3"}],"replies":[{"embeddable":true,"href":"https:\/\/primicias2262.com\/noticias\/wp-json\/wp\/v2\/comments?post=104656"}],"version-history":[{"count":2,"href":"https:\/\/primicias2262.com\/noticias\/wp-json\/wp\/v2\/posts\/104656\/revisions"}],"predecessor-version":[{"id":104684,"href":"https:\/\/primicias2262.com\/noticias\/wp-json\/wp\/v2\/posts\/104656\/revisions\/104684"}],"wp:featuredmedia":[{"embeddable":true,"href":"https:\/\/primicias2262.com\/noticias\/wp-json\/wp\/v2\/media\/104657"}],"wp:attachment":[{"href":"https:\/\/primicias2262.com\/noticias\/wp-json\/wp\/v2\/media?parent=104656"}],"wp:term":[{"taxonomy":"category","embeddable":true,"href":"https:\/\/primicias2262.com\/noticias\/wp-json\/wp\/v2\/categories?post=104656"},{"taxonomy":"post_tag","embeddable":true,"href":"https:\/\/primicias2262.com\/noticias\/wp-json\/wp\/v2\/tags?post=104656"}],"curies":[{"name":"wp","href":"https:\/\/api.w.org\/{rel}","templated":true}]}}