{"id":104660,"date":"2023-11-15T06:45:37","date_gmt":"2023-11-15T06:45:37","guid":{"rendered":"https:\/\/primicias2262.com\/noticias\/?p=104660"},"modified":"2023-11-16T17:04:08","modified_gmt":"2023-11-16T17:04:08","slug":"puerto-gardella-se-prepara-para-el-verano-y-entre-sus-novedades-suma-el-servicio-de-un-micro-gratuito","status":"publish","type":"post","link":"https:\/\/primicias2262.com\/noticias\/puerto-gardella-se-prepara-para-el-verano-y-entre-sus-novedades-suma-el-servicio-de-un-micro-gratuito\/","title":{"rendered":"Puerto Gardella se prepara para el verano y entre sus novedades suma el servicio de un micro gratuito"},"content":{"rendered":"<p><strong>Jos\u00e9 \u201cCholo\u201d Servat, titular de Containers Necochea y del paseo portuario, manifest\u00f3 su intenci\u00f3n de \u201cbrindar esta posibilidad de que las familias recorran la Avenida 2 de punta a punta\u201d.<\/strong><\/p>\n<p>En \u201cVoces de la Ciudad\u201d, durante una nota realizada por el periodista Jorge G\u00f3mez, Servat se refiri\u00f3 a los preparativos de Puerto Gardella para la temporada, con la novedad de un colectivo plotteado que trasladar\u00e1 de forma gratuita a la gente.<\/p>\n<p>\u201cQuisimos implementarlo el a\u00f1o pasado pero no llegamos\u201d, anticip\u00f3, argumentando que \u201chay muchas familias que vienen en micro a la Terminal y quedan incomunicadas de determinados puntos, y es importante que la gente pueda conocer los puntos interesantes de la ciudad, que por ah\u00ed se van sin conocerlos, y cuando los conocen ayudan tambi\u00e9n a que vuelvan a vacacionar en la ciudad porque se llevan un mont\u00f3n de encantos, no solo de Puerto Gardella, sino de la escollera o el ingreso y egreso de los barcos\u201d.<\/p>\n<p>Entonces \u201cdesde mi lugar lo que planteo es tratar de unir las puntas\u2026 pienso que Puerto Gardella, el lago de los Cisnes y la playa tiene que ser un mismo lugar y que la gente tenga el acceso de forma simple y gratuita, la posibilidad de subirse a un colectivo y que pueda ir con su familia escuchando m\u00fasica y que le cuenten que hay entre medio\u201d, se\u00f1al\u00f3.<\/p>\n<p><a href=\"https:\/\/primicias2262.com\/noticias\/wp-content\/uploads\/2023\/11\/cholo-servat.jpeg\"><img loading=\"lazy\" decoding=\"async\" class=\"aligncenter size-full wp-image-104661\" src=\"https:\/\/primicias2262.com\/noticias\/wp-content\/uploads\/2023\/11\/cholo-servat.jpeg\" alt=\"\" width=\"1024\" height=\"768\" srcset=\"https:\/\/primicias2262.com\/noticias\/wp-content\/uploads\/2023\/11\/cholo-servat.jpeg 1024w, https:\/\/primicias2262.com\/noticias\/wp-content\/uploads\/2023\/11\/cholo-servat-300x225.jpeg 300w, https:\/\/primicias2262.com\/noticias\/wp-content\/uploads\/2023\/11\/cholo-servat-768x576.jpeg 768w, https:\/\/primicias2262.com\/noticias\/wp-content\/uploads\/2023\/11\/cholo-servat-150x113.jpeg 150w, https:\/\/primicias2262.com\/noticias\/wp-content\/uploads\/2023\/11\/cholo-servat-696x522.jpeg 696w\" sizes=\"auto, (max-width: 1024px) 100vw, 1024px\" \/><\/a>Explic\u00f3 seguidamente que \u201cel punto de origen del micro es Puerto Gardella, pero yo quiero unir toda la Avenida 2 de punta a punta para que la gente pueda tomarse el colectivo para ir a Puerto Gardella, a la playa, a la peatonal, al Lago de los Cisnes o el Camping Miguel Lillo\u201d, y ejemplific\u00f3 que \u201ccu\u00e1nta gente hay en el Camping Migue Lillo de forma constante que queda totalmente incomunicada, ya que est\u00e1 con su casilla o su camioneta, y salir y sacar todo es inc\u00f3modo, entonces est\u00e1 bueno brindar esta herramienta\u201d.<\/p>\n<p>Adem\u00e1s, \u201cconsidero que tarde o temprano tenemos que tener un colectivo como en Buenos Aires, de los doble piso que anden por toda la ciudad, que conecten todos los puntos y la gente se lleve una buena impresi\u00f3n\u201d, manifest\u00f3, para asegurar que \u201cla ciudad est\u00e1 muy bonita y tenemos muchas cosas para mostrar, as\u00ed que hay que brindar esta posibilidad de que recorran la Avenida 2 de punta a punta\u201d.<\/p>\n<p>Finalmente, Servat expres\u00f3 que \u201cestoy muy contento de palpitar este temporada 2024, ya con la experiencia de los cuatro a\u00f1os recorridos, y lo del colectivo es algo m\u00e1s que nos suma publicidad gratuita porque va a andar todo el santo d\u00eda. Adem\u00e1s habr\u00e1 otras sorpresas en Puerto Gardella, entre 12 y 14 puestos de artesanos que ya estamos armando para que puedan hacer su trabajo, y tambi\u00e9n cambio de negocios, que se pasaron de un conteiner a otro porque mejoraron su trabajo, y dem\u00e1s sorpresas\u201d.<\/p>\n","protected":false},"excerpt":{"rendered":"<p>Jos\u00e9 \u201cCholo\u201d Servat, titular de Containers Necochea y del paseo portuario, manifest\u00f3 su intenci\u00f3n de \u201cbrindar esta posibilidad de que las familias recorran la Avenida 2 de punta a punta\u201d. En \u201cVoces de la Ciudad\u201d, durante una nota realizada por el periodista Jorge G\u00f3mez, Servat se refiri\u00f3 a los preparativos de Puerto Gardella para la [&hellip;]<\/p>\n","protected":false},"author":3,"featured_media":104662,"comment_status":"open","ping_status":"open","sticky":false,"template":"","format":"standard","meta":{"footnotes":""},"categories":[3],"tags":[],"class_list":["post-104660","post","type-post","status-publish","format-standard","has-post-thumbnail","category-masnoticias"],"_links":{"self":[{"href":"https:\/\/primicias2262.com\/noticias\/wp-json\/wp\/v2\/posts\/104660","targetHints":{"allow":["GET"]}}],"collection":[{"href":"https:\/\/primicias2262.com\/noticias\/wp-json\/wp\/v2\/posts"}],"about":[{"href":"https:\/\/primicias2262.com\/noticias\/wp-json\/wp\/v2\/types\/post"}],"author":[{"embeddable":true,"href":"https:\/\/primicias2262.com\/noticias\/wp-json\/wp\/v2\/users\/3"}],"replies":[{"embeddable":true,"href":"https:\/\/primicias2262.com\/noticias\/wp-json\/wp\/v2\/comments?post=104660"}],"version-history":[{"count":1,"href":"https:\/\/primicias2262.com\/noticias\/wp-json\/wp\/v2\/posts\/104660\/revisions"}],"predecessor-version":[{"id":104663,"href":"https:\/\/primicias2262.com\/noticias\/wp-json\/wp\/v2\/posts\/104660\/revisions\/104663"}],"wp:featuredmedia":[{"embeddable":true,"href":"https:\/\/primicias2262.com\/noticias\/wp-json\/wp\/v2\/media\/104662"}],"wp:attachment":[{"href":"https:\/\/primicias2262.com\/noticias\/wp-json\/wp\/v2\/media?parent=104660"}],"wp:term":[{"taxonomy":"category","embeddable":true,"href":"https:\/\/primicias2262.com\/noticias\/wp-json\/wp\/v2\/categories?post=104660"},{"taxonomy":"post_tag","embeddable":true,"href":"https:\/\/primicias2262.com\/noticias\/wp-json\/wp\/v2\/tags?post=104660"}],"curies":[{"name":"wp","href":"https:\/\/api.w.org\/{rel}","templated":true}]}}