{"id":104678,"date":"2023-11-15T17:21:00","date_gmt":"2023-11-15T17:21:00","guid":{"rendered":"https:\/\/primicias2262.com\/noticias\/?p=104678"},"modified":"2023-11-16T18:10:08","modified_gmt":"2023-11-16T18:10:08","slug":"presentaron-el-equipo-de-cuidadores-de-playa-para-la-temporada-de-verano","status":"publish","type":"post","link":"https:\/\/primicias2262.com\/noticias\/presentaron-el-equipo-de-cuidadores-de-playa-para-la-temporada-de-verano\/","title":{"rendered":"Presentaron el equipo de Cuidadores de Playa para la temporada de verano"},"content":{"rendered":"<div class=\"elementor-element elementor-element-38a37d5 elementor-widget elementor-widget-theme-post-content\" data-id=\"38a37d5\" data-element_type=\"widget\" data-widget_type=\"theme-post-content.default\">\n<div class=\"elementor-widget-container\">\n<p><strong>Cinco j\u00f3venes iniciar\u00e1n el entrenamiento laboral en diciembre y se suman al plantel de Cuidadores, cuyo programa de inserci\u00f3n se implementa por tercer a\u00f1o consecutivo.<\/strong><\/p>\n<p>Durante una reuni\u00f3n en la sala de sesiones del Honorable Concejo Deliberante, la Direcci\u00f3n de Discapacidad, a cargo de Camila Bianchi, y dependiente de la Secretar\u00eda de Desarrollo Humano y Pol\u00edticas Sociales, realiz\u00f3 el tercer lanzamiento del programa Cuidadores de Playa temporada 2023\/2024.<\/p>\n<figure class=\"wp-block-image size-full\"><img loading=\"lazy\" decoding=\"async\" class=\"wp-image-82199\" src=\"https:\/\/necochea.gov.ar\/wp-content\/uploads\/2023\/11\/15-11-FOTO-Cuidadores2.jpeg\" alt=\"\" width=\"1600\" height=\"1066\" \/><\/figure>\n<p>Demostrando su satisfacci\u00f3n por la continuidad de esta pol\u00edtica inclusiva e inserci\u00f3n laboral, la mencionada funcionaria se\u00f1al\u00f3 que en esta oportunidad se pudo articular nuevamente a trav\u00e9s de la Oficina de Empleo con el programa Promover Igualdad de oportunidad de empleo, y de esta manera cinco j\u00f3venes iniciar\u00e1n a partir de diciembre el entrenamiento laboral.<\/p>\n<p>En ese marco, revel\u00f3 Bianchi que \u201cpor decisi\u00f3n de esta gesti\u00f3n que encabeza el intendente Arturo Rojas, al igual que el a\u00f1o pasado se otorgar\u00e1 en formato de becas municipales un incentivo a otro grupo de j\u00f3venes que realizar\u00e1n las mismas tareas\u201d.<\/p>\n<figure class=\"wp-block-image size-full\"><img loading=\"lazy\" decoding=\"async\" class=\"wp-image-82198\" src=\"https:\/\/necochea.gov.ar\/wp-content\/uploads\/2023\/11\/15-11-FOTO-Cuidadores.jpeg\" alt=\"\" width=\"1600\" height=\"1066\" \/><\/figure>\n<p>Se recuerda que Cuidadores de Playa se trata de un programa de entrenamiento y capacitaci\u00f3n acerca de los primeros auxilios y los cuidados que se deben tener en la playa, el estado de las mareas y dem\u00e1s situaciones que se presentan en la temporada estival.<\/p>\n<p>El proyecto estar\u00e1 a cargo como en a\u00f1os anteriores de los profesores y guardavidas Diego Puccia y Ariel Funes, y una vez finalizadas las capacitaciones, en los meses de enero y febrero estar\u00e1n ubicados en diferentes puestos juntos a los guardavidas.<\/p>\n<\/div>\n<\/div>\n","protected":false},"excerpt":{"rendered":"<p>Cinco j\u00f3venes iniciar\u00e1n el entrenamiento laboral en diciembre y se suman al plantel de Cuidadores, cuyo programa de inserci\u00f3n se implementa por tercer a\u00f1o consecutivo. Durante una reuni\u00f3n en la sala de sesiones del Honorable Concejo Deliberante, la Direcci\u00f3n de Discapacidad, a cargo de Camila Bianchi, y dependiente de la Secretar\u00eda de Desarrollo Humano y [&hellip;]<\/p>\n","protected":false},"author":3,"featured_media":104679,"comment_status":"open","ping_status":"open","sticky":false,"template":"","format":"standard","meta":{"footnotes":""},"categories":[3],"tags":[],"class_list":["post-104678","post","type-post","status-publish","format-standard","has-post-thumbnail","category-masnoticias"],"_links":{"self":[{"href":"https:\/\/primicias2262.com\/noticias\/wp-json\/wp\/v2\/posts\/104678","targetHints":{"allow":["GET"]}}],"collection":[{"href":"https:\/\/primicias2262.com\/noticias\/wp-json\/wp\/v2\/posts"}],"about":[{"href":"https:\/\/primicias2262.com\/noticias\/wp-json\/wp\/v2\/types\/post"}],"author":[{"embeddable":true,"href":"https:\/\/primicias2262.com\/noticias\/wp-json\/wp\/v2\/users\/3"}],"replies":[{"embeddable":true,"href":"https:\/\/primicias2262.com\/noticias\/wp-json\/wp\/v2\/comments?post=104678"}],"version-history":[{"count":2,"href":"https:\/\/primicias2262.com\/noticias\/wp-json\/wp\/v2\/posts\/104678\/revisions"}],"predecessor-version":[{"id":104698,"href":"https:\/\/primicias2262.com\/noticias\/wp-json\/wp\/v2\/posts\/104678\/revisions\/104698"}],"wp:featuredmedia":[{"embeddable":true,"href":"https:\/\/primicias2262.com\/noticias\/wp-json\/wp\/v2\/media\/104679"}],"wp:attachment":[{"href":"https:\/\/primicias2262.com\/noticias\/wp-json\/wp\/v2\/media?parent=104678"}],"wp:term":[{"taxonomy":"category","embeddable":true,"href":"https:\/\/primicias2262.com\/noticias\/wp-json\/wp\/v2\/categories?post=104678"},{"taxonomy":"post_tag","embeddable":true,"href":"https:\/\/primicias2262.com\/noticias\/wp-json\/wp\/v2\/tags?post=104678"}],"curies":[{"name":"wp","href":"https:\/\/api.w.org\/{rel}","templated":true}]}}