{"id":104682,"date":"2023-11-15T16:21:32","date_gmt":"2023-11-15T16:21:32","guid":{"rendered":"https:\/\/primicias2262.com\/noticias\/?p=104682"},"modified":"2023-11-16T17:37:58","modified_gmt":"2023-11-16T17:37:58","slug":"se-realiza-una-muestra-interdisciplinaria-para-conmemorar-los-40-anos-de-la-democracia","status":"publish","type":"post","link":"https:\/\/primicias2262.com\/noticias\/se-realiza-una-muestra-interdisciplinaria-para-conmemorar-los-40-anos-de-la-democracia\/","title":{"rendered":"Se realiza una muestra interdisciplinaria para conmemorar los 40 a\u00f1os de la democracia"},"content":{"rendered":"<p><strong>Ser\u00e1 este jueves 16, a las 20, en el Teatro Municipal \u201cLuis Sandrini\u201d. El amplio programa de la fecha estar\u00e1 compuesto por producciones de los talleres de Danza, M\u00fasica, Teatro, Literatura y Artes visuales. Se cobrar\u00e1 un bono contribuci\u00f3n en favor de la Cooperadora de la escuela.<\/strong><\/p>\n<p>En \u00e9poca de cierres de ciclo y despu\u00e9s de la gala de la Escuela de Danzas Cl\u00e1sicas, el pr\u00f3ximo jueves 16 se realizar\u00e1 la Muestra Interdisciplinaria del proyecto institucional de la Escuela Municipal de Artes de Necochea, denominada \u201cVoces, Di\u00e1logos entre arte y democracia\u201d.<\/p>\n<p>El evento, que tendr\u00e1 desarrollo desde las 20 y en la sala del Teatro \u201cLuis Sandrini\u201d, conmemora los primeros 40 a\u00f1os desde el retorno de la democracia, pero tambi\u00e9n servir\u00e1 para seguir celebrando el 80\u00ba aniversario del espacio de la comuna dedicado a la promoci\u00f3n de las distintas disciplinas art\u00edsticas.<\/p>\n<p>Por este motivo, desde la dependencia que dirige Sebasti\u00e1n Serqueira invitaron a toda la comunidad a compartir las producciones de los talleres de Danza, M\u00fasica, Teatro, Literatura y Artes visuales preparadas para la ocasi\u00f3n, para lo cual se estar\u00e1 cobrando un bono contribuci\u00f3n de mil pesos en beneficio de la Cooperadora de la propia Escuela.<\/p>\n<p>\u201cComo instituci\u00f3n educativa, art\u00edstica y estatal nos parece fundamental reflexionar lo acontecido durante la Dictadura c\u00edvico militar y celebrar la restituci\u00f3n y estabilidad de la Democracia. En un momento hist\u00f3rico donde el arte como expresi\u00f3n se vio totalmente oprimido y silenciado. Hoy m\u00e1s que nunca celebramos la libertad, la perspectiva de derechos y la oportunidad de renovar nuestro compromiso para defender los valores democr\u00e1ticos y trabajar como instituci\u00f3n educativa hacia un futuro participativo e inclusivo\u201d, afirmaron desde la EMAN.<\/p>\n<p>En cuanto al programa de este jueves, la muestra se ir\u00e1 desarrollando con numerosas puestas en escena y respetando el siguiente orden:<\/p>\n<ol>\n<li>\u201cCerca de la revoluci\u00f3n\u201d \u2013 Escuela Municipal de Rock \u2013 Profesores Mar\u00eda Pellejero, Pedro Tapia y Gustavo Sunino.<\/li>\n<li>\u201cPaz, pan y trabajo\u201d \u2013 Lectura de un recuerdo en clave necochense. Taller de radioteatro \u2013 Profesor Juan Pablo Santilli.<\/li>\n<li>Taller de Periodismo Cultural \u2013 Profesor Walter Medina.<\/li>\n<li>\u201cDinosaurios\u201d \u2013 Taller de Danza Contempor\u00e1nea \u2013 Profesora Manuela Gonz\u00e1lez.<\/li>\n<li>Avances del Proyecto de producci\u00f3n de podcast \u201cMariano nunca estuvo ac\u00e1\u201d, historias de Necochea. 2023 Retorno a la democracia \u2013 Alumnado del 4\u00ba a\u00f1o de la Tecnicatura en Multimedios de la EEST N\u00b0 3 \u201cNikola Tesla\u201d.<\/li>\n<li>\u201cDemo-Fascia\u201d\u2026 del borde que si se estira se rompe \u2013 Escena 1: \u201cIgualdad\u201d \u2013 Taller de Teatro \u2013 Profesora Jorgelina Teyseyre.<\/li>\n<li>\u201cComo la cigarra\u201d \u2013 Taller de canto \u2013 Profesora Karina Charque.<\/li>\n<li>Taller de Danza Folcl\u00f3rica \u2013 Profesor Diego Brusa.<\/li>\n<li>Avances del Proyecto de Producci\u00f3n de Podcast: \u201cMariano nunca estuvo ac\u00e1\u201d, historias de Necochea. 2023 Retorno a la democracia \u2013 Alumnado del 4\u00ba a\u00f1o de la Tecnicatura en Multimedios de la EEST N\u00b0 3 \u201cNikola Tesla\u201d.<\/li>\n<li>\u201cDemo-Fascia\u201d\u2026 del borde que si se estira se rompe \u2013 Escena 2: \u201cLibertad\u201d \u2013 Taller de Teatro \u2013 Profesora Jorgelina Teyseyre.<\/li>\n<li>Taller de Periodismo Cultural \u2013 Profesor Walter Medina.<\/li>\n<li>\u201cCaminante si vas por mi tierra\u201d \u2013 Agrupaci\u00f3n Folcl\u00f3rica \u201cJos\u00e9 Hern\u00e1ndez\u201d \u2013 Profesor Diego Bello.<\/li>\n<li>\u00bfQu\u00e9 te ha pasado justicia? \u2013 Taller de Canto \u2013 Profesora Karina Charque.<\/li>\n<li>Avances del Proyecto de Producci\u00f3n de Podcast: \u201cMariano nunca estuvo ac\u00e1\u201d, historias de Necochea. 2023 Retorno a la democracia \u2013 Alumnado del 4\u00ba a\u00f1o de la Tecnicatura en Multimedios de la EEST N\u00b0 3 \u201cNikola Tesla\u201d.<\/li>\n<li>\u201cGiros\u201d \u2013 Taller de Danza Contempor\u00e1nea \u2013 Profesora Manuela Gonz\u00e1lez \u2013 Coreograf\u00eda: Manuela Gonz\u00e1lez y Pablo Miranda.<\/li>\n<li>\u201cDemo-Fascia\u201d\u2026 del borde que si se estira se rompe \u2013 Escena 3: \u201cDiversidad\u201d \u2013 Taller de Teatro \u2013 Profesora Jorgelina Teyseyre.<\/li>\n<li>\u201cLibre\u201d \u2013 Taller de Canto \u2013 Profesora Karina Charque.<\/li>\n<li>Taller de Danza Cl\u00e1sica \u2013 Profesoras Estefan\u00eda Grimaldi y Patricia Aloe.<\/li>\n<li>Avances del Proyecto de Producci\u00f3n de Podcast: \u201cMariano nunca estuvo ac\u00e1\u201d, historias de Necochea. 2023 Retorno a la democracia \u2013 Alumnado del 4\u00ba a\u00f1o de la Tecnicatura en Multimedios de la EEST N\u00b0 3 \u201cNikola Tesla\u201d.<\/li>\n<li>\u201cDemo-Fascia\u201d\u2026 del borde que si se estira se rompe \u2013 Escena 4: \u201cTolerancia\u201d \u2013 Taller de Teatro \u2013 Profesora Jorgelina Teyseyre.<\/li>\n<li>\u201cHonrar la vida\u201d \u2013 Taller de Canto \u2013 Profesora Karina Charque.<\/li>\n<li>\u201cMon\u00f3logo para una actriz\u201d \u2013 Obra de Teatro \u2013 Direcci\u00f3n: Franco Garc\u00eda; Actriz: Celeste L\u00f3pez.<\/li>\n<li>Taller de Periodismo Cultural \u2013 Profesor Walter Medina.<\/li>\n<li>\u201cTodav\u00eda cantamos\u201d \u2013 Taller de Danza Contempor\u00e1nea \u2013 Profesora Manuela Gonz\u00e1lez.<\/li>\n<li>\u201c80 a\u00f1os de la EMAN\u201d \u2013 Video Institucional.<\/li>\n<\/ol>\n","protected":false},"excerpt":{"rendered":"<p>Ser\u00e1 este jueves 16, a las 20, en el Teatro Municipal \u201cLuis Sandrini\u201d. El amplio programa de la fecha estar\u00e1 compuesto por producciones de los talleres de Danza, M\u00fasica, Teatro, Literatura y Artes visuales. Se cobrar\u00e1 un bono contribuci\u00f3n en favor de la Cooperadora de la escuela. En \u00e9poca de cierres de ciclo y despu\u00e9s [&hellip;]<\/p>\n","protected":false},"author":3,"featured_media":104183,"comment_status":"open","ping_status":"open","sticky":false,"template":"","format":"standard","meta":{"footnotes":""},"categories":[3],"tags":[],"class_list":["post-104682","post","type-post","status-publish","format-standard","has-post-thumbnail","category-masnoticias"],"_links":{"self":[{"href":"https:\/\/primicias2262.com\/noticias\/wp-json\/wp\/v2\/posts\/104682","targetHints":{"allow":["GET"]}}],"collection":[{"href":"https:\/\/primicias2262.com\/noticias\/wp-json\/wp\/v2\/posts"}],"about":[{"href":"https:\/\/primicias2262.com\/noticias\/wp-json\/wp\/v2\/types\/post"}],"author":[{"embeddable":true,"href":"https:\/\/primicias2262.com\/noticias\/wp-json\/wp\/v2\/users\/3"}],"replies":[{"embeddable":true,"href":"https:\/\/primicias2262.com\/noticias\/wp-json\/wp\/v2\/comments?post=104682"}],"version-history":[{"count":1,"href":"https:\/\/primicias2262.com\/noticias\/wp-json\/wp\/v2\/posts\/104682\/revisions"}],"predecessor-version":[{"id":104683,"href":"https:\/\/primicias2262.com\/noticias\/wp-json\/wp\/v2\/posts\/104682\/revisions\/104683"}],"wp:featuredmedia":[{"embeddable":true,"href":"https:\/\/primicias2262.com\/noticias\/wp-json\/wp\/v2\/media\/104183"}],"wp:attachment":[{"href":"https:\/\/primicias2262.com\/noticias\/wp-json\/wp\/v2\/media?parent=104682"}],"wp:term":[{"taxonomy":"category","embeddable":true,"href":"https:\/\/primicias2262.com\/noticias\/wp-json\/wp\/v2\/categories?post=104682"},{"taxonomy":"post_tag","embeddable":true,"href":"https:\/\/primicias2262.com\/noticias\/wp-json\/wp\/v2\/tags?post=104682"}],"curies":[{"name":"wp","href":"https:\/\/api.w.org\/{rel}","templated":true}]}}