{"id":104685,"date":"2023-11-16T17:03:52","date_gmt":"2023-11-16T17:03:52","guid":{"rendered":"https:\/\/primicias2262.com\/noticias\/?p=104685"},"modified":"2023-11-17T16:29:54","modified_gmt":"2023-11-17T16:29:54","slug":"camping-miguel-lillo-siempre-nos-preparamos-para-tener-la-mejor-temporada","status":"publish","type":"post","link":"https:\/\/primicias2262.com\/noticias\/camping-miguel-lillo-siempre-nos-preparamos-para-tener-la-mejor-temporada\/","title":{"rendered":"Camping Miguel Lillo: \u201cSiempre nos preparamos para tener la mejor temporada\u201d"},"content":{"rendered":"<p><strong>El titular de uno de los complejos de mar m\u00e1s pintorescos de la regi\u00f3n, Rafael Mugica L\u00e1zaro, visit\u00f3 los estudios de \u201cVoces de la Ciudad\u201d y cont\u00f3 c\u00f3mo se preparan en el Camping Miguel Lillo de cara al verano, en uno de los contextos econ\u00f3micos de mayor incertidumbre a nivel nacional que ha tocado pasar.<\/strong><\/p>\n<p>En nota con el periodista Jorge G\u00f3mez, Mugica L\u00e1zaro destac\u00f3 el hecho de que el camping est\u00e9 abierto durante todo el a\u00f1o y manifest\u00f3 que \u201ctermina una temporada y ya empezamos a pensar en la siguiente, y en marzo pasado ya empezamos con obras para esta temporada\u201d, se\u00f1alando que \u201chemos acostumbrado a nuestros clientes cada a\u00f1o a esperarlos con cosas nuevas y viendo el contexto nacional con momentos donde a veces decimos para qu\u00e9 hacemos esto, pero es un modus operandi que tenemos y siempre nos preparamos para tener la mejor temporada\u201d.<\/p>\n<p>Reconoci\u00f3 que \u201cpor supuesto con incertidumbres como todos en el pa\u00eds de qu\u00e9 va a pasar despu\u00e9s del domingo\u201d, aunque afirm\u00f3 que \u201cuno naturaliza todo, pero es muy loco que faltando un mes para la temporada no tengamos ni idea lo que va a pasar, si las tarifas que estamos poniendo est\u00e1n bien o mal, no tener previsibilidad es una cosa de locos\u201d.<\/p>\n<p><a href=\"https:\/\/primicias2262.com\/noticias\/wp-content\/uploads\/2023\/07\/camping-m-lillo2.jpg\"><img loading=\"lazy\" decoding=\"async\" class=\"aligncenter size-full wp-image-102302\" src=\"https:\/\/primicias2262.com\/noticias\/wp-content\/uploads\/2023\/07\/camping-m-lillo2.jpg\" alt=\"\" width=\"1024\" height=\"576\" srcset=\"https:\/\/primicias2262.com\/noticias\/wp-content\/uploads\/2023\/07\/camping-m-lillo2.jpg 1024w, https:\/\/primicias2262.com\/noticias\/wp-content\/uploads\/2023\/07\/camping-m-lillo2-300x169.jpg 300w, https:\/\/primicias2262.com\/noticias\/wp-content\/uploads\/2023\/07\/camping-m-lillo2-768x432.jpg 768w, https:\/\/primicias2262.com\/noticias\/wp-content\/uploads\/2023\/07\/camping-m-lillo2-150x84.jpg 150w, https:\/\/primicias2262.com\/noticias\/wp-content\/uploads\/2023\/07\/camping-m-lillo2-696x392.jpg 696w\" sizes=\"auto, (max-width: 1024px) 100vw, 1024px\" \/><\/a>Rafael reside durante buena parte del a\u00f1o en Estados Unidos y compar\u00f3 que \u201cellos tienen una inflaci\u00f3n del 4% anual y para ellos es un montonazo, pero uno ac\u00e1 lo tiene tan naturalizado que est\u00e1 al margen de cualquiera de los dos que gane (por Massa y Milei)\u201d. No obstante lo cual recalc\u00f3 que \u201cdurante el invierno hemos invertido con muchas obras en el camping, desde un alumbrado p\u00fablico nuevo que sali\u00f3 m\u00e1s de dos millones de pesos; se reformaron todos los dormis, con quincho, pisos y parrillas nuevas, tanque de agua nuevo\u2026 son cosas que uno hace sin saber si lo va a recuperar, y es medio loco eso\u201d.<\/p>\n<p>El empresario defini\u00f3 la realidad del pa\u00eds al expresar que \u201cla especulaci\u00f3n es lo que lleva a muchas personas a estar como est\u00e1 el pa\u00eds. Uno trata de estar al margen de esto, no me importa cu\u00e1l va a ser el resultado, pero quiero que la temporada sea la mejor y uno se concentra en el servicio y que el mismo pueda tener rentabilidad, aunque la rentabilidad con los a\u00f1os se va escapando y uno lo hace por la familia y lo que siente por Necochea\u201d.<\/p>\n<p>A prop\u00f3sito de la ciudad, valor\u00f3 que \u201cNecochea tiene caracter\u00edsticas \u00fanicas y no me canso de decirlo\u201d, y evalu\u00f3 de forma muy positiva el gobierno del intendente Arturo Rojas. \u201cLa gente ha confirmado la transformaci\u00f3n que se estaba viendo y que necesitaba la ciudad, que se hab\u00eda quedado en el tiempo en relaci\u00f3n a ciudades vecinas\u201d, se\u00f1al\u00f3.<\/p>\n<p><a href=\"https:\/\/primicias2262.com\/noticias\/wp-content\/uploads\/2023\/07\/camping-m-lillo3.jpeg\"><img loading=\"lazy\" decoding=\"async\" class=\"aligncenter size-full wp-image-102303\" src=\"https:\/\/primicias2262.com\/noticias\/wp-content\/uploads\/2023\/07\/camping-m-lillo3.jpeg\" alt=\"\" width=\"1000\" height=\"659\" srcset=\"https:\/\/primicias2262.com\/noticias\/wp-content\/uploads\/2023\/07\/camping-m-lillo3.jpeg 1000w, https:\/\/primicias2262.com\/noticias\/wp-content\/uploads\/2023\/07\/camping-m-lillo3-300x198.jpeg 300w, https:\/\/primicias2262.com\/noticias\/wp-content\/uploads\/2023\/07\/camping-m-lillo3-768x506.jpeg 768w, https:\/\/primicias2262.com\/noticias\/wp-content\/uploads\/2023\/07\/camping-m-lillo3-150x99.jpeg 150w, https:\/\/primicias2262.com\/noticias\/wp-content\/uploads\/2023\/07\/camping-m-lillo3-696x459.jpeg 696w\" sizes=\"auto, (max-width: 1000px) 100vw, 1000px\" \/><\/a>Argument\u00f3 seguidamente que \u201cRojas es ejecutivo y administra bien, es lo que tiene que hacer un intendente y es lo que ha hecho Arturo\u201d, para contar a modo de an\u00e9cdota que \u201cen nuestro libro de quejas todas las sugerencias de los clientes eran en relaci\u00f3n a la ciudad: los pozos, la mugre, la falta de cortar pasto, y en las \u00faltimas temporadas esas quejas desaparecieron, as\u00ed que un nuevo periodo de Arturo puede ser muy bueno para la ciudad\u201d.<\/p>\n<p>Finalmente se refiri\u00f3 al incremento de las tarifas del complejo. \u201cHicimos una preventa como hacemos todos los a\u00f1os, en este caso hasta antes de las elecciones de octubre con un 80% de aumento, pero no anduvo tan bien como en otros a\u00f1os y esos es s\u00edntoma de c\u00f3mo est\u00e1 la econom\u00eda. Ahora ya lo hemos modificado, ven\u00edamos con o dos o tres veranos por debajo de la inflaci\u00f3n y nos hemos actualizado en un 150%, y aun as\u00ed seguimos por debajo de nuestros competidores de Santa Teresita o Mar del Plata, con complejos similares a los nuestros\u201d.<\/p>\n","protected":false},"excerpt":{"rendered":"<p>El titular de uno de los complejos de mar m\u00e1s pintorescos de la regi\u00f3n, Rafael Mugica L\u00e1zaro, visit\u00f3 los estudios de \u201cVoces de la Ciudad\u201d y cont\u00f3 c\u00f3mo se preparan en el Camping Miguel Lillo de cara al verano, en uno de los contextos econ\u00f3micos de mayor incertidumbre a nivel nacional que ha tocado pasar. [&hellip;]<\/p>\n","protected":false},"author":3,"featured_media":104686,"comment_status":"open","ping_status":"open","sticky":false,"template":"","format":"standard","meta":{"footnotes":""},"categories":[3],"tags":[],"class_list":["post-104685","post","type-post","status-publish","format-standard","has-post-thumbnail","category-masnoticias"],"_links":{"self":[{"href":"https:\/\/primicias2262.com\/noticias\/wp-json\/wp\/v2\/posts\/104685","targetHints":{"allow":["GET"]}}],"collection":[{"href":"https:\/\/primicias2262.com\/noticias\/wp-json\/wp\/v2\/posts"}],"about":[{"href":"https:\/\/primicias2262.com\/noticias\/wp-json\/wp\/v2\/types\/post"}],"author":[{"embeddable":true,"href":"https:\/\/primicias2262.com\/noticias\/wp-json\/wp\/v2\/users\/3"}],"replies":[{"embeddable":true,"href":"https:\/\/primicias2262.com\/noticias\/wp-json\/wp\/v2\/comments?post=104685"}],"version-history":[{"count":1,"href":"https:\/\/primicias2262.com\/noticias\/wp-json\/wp\/v2\/posts\/104685\/revisions"}],"predecessor-version":[{"id":104687,"href":"https:\/\/primicias2262.com\/noticias\/wp-json\/wp\/v2\/posts\/104685\/revisions\/104687"}],"wp:featuredmedia":[{"embeddable":true,"href":"https:\/\/primicias2262.com\/noticias\/wp-json\/wp\/v2\/media\/104686"}],"wp:attachment":[{"href":"https:\/\/primicias2262.com\/noticias\/wp-json\/wp\/v2\/media?parent=104685"}],"wp:term":[{"taxonomy":"category","embeddable":true,"href":"https:\/\/primicias2262.com\/noticias\/wp-json\/wp\/v2\/categories?post=104685"},{"taxonomy":"post_tag","embeddable":true,"href":"https:\/\/primicias2262.com\/noticias\/wp-json\/wp\/v2\/tags?post=104685"}],"curies":[{"name":"wp","href":"https:\/\/api.w.org\/{rel}","templated":true}]}}