{"id":104689,"date":"2023-11-16T17:35:28","date_gmt":"2023-11-16T17:35:28","guid":{"rendered":"https:\/\/primicias2262.com\/noticias\/?p=104689"},"modified":"2023-11-17T14:00:48","modified_gmt":"2023-11-17T14:00:48","slug":"jimena-y-por-que-votar-a-massa-es-el-unico-que-ofrece-un-proyecto-de-estado-y-profundizacion-de-la-democracia","status":"publish","type":"post","link":"https:\/\/primicias2262.com\/noticias\/jimena-y-por-que-votar-a-massa-es-el-unico-que-ofrece-un-proyecto-de-estado-y-profundizacion-de-la-democracia\/","title":{"rendered":"Jimena y por qu\u00e9 votar a Massa: \u201cEs el \u00fanico que ofrece un proyecto de Estado y profundizaci\u00f3n de la democracia\u201d"},"content":{"rendered":"<p><strong>La funcionaria del Ministerio de Transporte de la Naci\u00f3n, y referente del Frente Renovador local, Jimena L\u00f3pez, dialog\u00f3 en comunicaci\u00f3n telef\u00f3nica con el periodista Jorge G\u00f3mez para \u201cVoces de la Ciudad\u201d, \u00a0donde argument\u00f3 por qu\u00e9 votar a Sergio Massa en el balotaje del pr\u00f3ximo domingo 19 de noviembre.<\/strong><\/p>\n<p>\u201cPorque de los dos candidatos es el que ofrece un proyecto de Estado y de profundizaci\u00f3n de la democracia. Es alguien que entiende el escenario actual, que sabemos que es complejo en t\u00e9rminos econ\u00f3micos, pero sabe c\u00f3mo contrarrestar esos escenarios, como por ejemplo esta sequ\u00eda que fue la peor de los \u00faltimos 100 a\u00f1os\u2026y porque es un estadista que tiene en claro que la presencia del Estado es necesaria y que tambi\u00e9n se requiere de un Estado m\u00e1s eficiente, m\u00e1s eficaz, serio y con mayor transparencia\u201d, comenz\u00f3 argumentando.<\/p>\n<p>La exsecretaria de Desarrollo Humano municipal ampli\u00f3 que \u201cde los dos candidatos, hay uno que est\u00e1 plantado en la tierra con conocimiento del mundo y la econom\u00eda local, de las econom\u00edas regionales y con posibilidad de di\u00e1logo tanto dentro como fuera de las fronteras, con la posibilidad de generar incentivos para el sector agrario, industrial y productivo, y brindar trabajo, y con la posibilidad de brindar una agenda de g\u00e9nero para inclusi\u00f3n laboral y que tienda a combatir los \u00edndices de pobreza, y se llama Sergio Massa\u201d.<\/p>\n<p>Es verdad que \u201clos datos de la inflaci\u00f3n no son alentadores, pero el desempleo viene bajando en el pa\u00eds\u201d, recalc\u00f3 Jimena, para diferenciar \u201cque discutamos despu\u00e9s que el sueldo no alcanza por los valores inflacionarios porque los alimentos tienen un precio excesivo en un pa\u00eds que produce alimentos, es otra cosa. El escenario econ\u00f3mico est\u00e1 complejizado porque tenemos un anclaje con la deuda externa, un anclaje con la inflaci\u00f3n y un tema de precios\u201d.<\/p>\n<p>Asimismo, asegur\u00f3 que Massa no tiene jefes porque \u201csu jefe pol\u00edtico es \u00e9l mismo, entonces tiene la posibilidad de generar un di\u00e1logo de la unidad nacional y armar un equipo que tenga que ver con muchos espacios, sectores y personas que vienen de otras provincias\u201d.<\/p>\n<p>Incluso, describi\u00f3 que \u201cMassa ejerce su propio liderazgo pol\u00edtico dentro de un espacio conformado por muchos otros sellos partidarios como La C\u00e1mpora, el PJ, el Movimiento Evita, Somos, Patria Grande, y un mont\u00f3n m\u00e1s\u2026 pero tambi\u00e9n es cierto que Massa ha construido su liderazgo a lo largo de 30 a\u00f1os de carrera pol\u00edtica y de ocupar diferentes cargos como en Anses, la intendencia de Tigre, el Gabinete de N\u00e9stor Kirchner, la presidencia de la C\u00e1mara o al ser el diputado m\u00e1s joven de Buenos Aires en su momento\u201d.<\/p>\n","protected":false},"excerpt":{"rendered":"<p>La funcionaria del Ministerio de Transporte de la Naci\u00f3n, y referente del Frente Renovador local, Jimena L\u00f3pez, dialog\u00f3 en comunicaci\u00f3n telef\u00f3nica con el periodista Jorge G\u00f3mez para \u201cVoces de la Ciudad\u201d, \u00a0donde argument\u00f3 por qu\u00e9 votar a Sergio Massa en el balotaje del pr\u00f3ximo domingo 19 de noviembre. \u201cPorque de los dos candidatos es el [&hellip;]<\/p>\n","protected":false},"author":3,"featured_media":102662,"comment_status":"open","ping_status":"open","sticky":false,"template":"","format":"standard","meta":{"footnotes":""},"categories":[3],"tags":[],"class_list":["post-104689","post","type-post","status-publish","format-standard","has-post-thumbnail","category-masnoticias"],"_links":{"self":[{"href":"https:\/\/primicias2262.com\/noticias\/wp-json\/wp\/v2\/posts\/104689","targetHints":{"allow":["GET"]}}],"collection":[{"href":"https:\/\/primicias2262.com\/noticias\/wp-json\/wp\/v2\/posts"}],"about":[{"href":"https:\/\/primicias2262.com\/noticias\/wp-json\/wp\/v2\/types\/post"}],"author":[{"embeddable":true,"href":"https:\/\/primicias2262.com\/noticias\/wp-json\/wp\/v2\/users\/3"}],"replies":[{"embeddable":true,"href":"https:\/\/primicias2262.com\/noticias\/wp-json\/wp\/v2\/comments?post=104689"}],"version-history":[{"count":2,"href":"https:\/\/primicias2262.com\/noticias\/wp-json\/wp\/v2\/posts\/104689\/revisions"}],"predecessor-version":[{"id":104707,"href":"https:\/\/primicias2262.com\/noticias\/wp-json\/wp\/v2\/posts\/104689\/revisions\/104707"}],"wp:featuredmedia":[{"embeddable":true,"href":"https:\/\/primicias2262.com\/noticias\/wp-json\/wp\/v2\/media\/102662"}],"wp:attachment":[{"href":"https:\/\/primicias2262.com\/noticias\/wp-json\/wp\/v2\/media?parent=104689"}],"wp:term":[{"taxonomy":"category","embeddable":true,"href":"https:\/\/primicias2262.com\/noticias\/wp-json\/wp\/v2\/categories?post=104689"},{"taxonomy":"post_tag","embeddable":true,"href":"https:\/\/primicias2262.com\/noticias\/wp-json\/wp\/v2\/tags?post=104689"}],"curies":[{"name":"wp","href":"https:\/\/api.w.org\/{rel}","templated":true}]}}