{"id":104692,"date":"2023-11-16T17:37:45","date_gmt":"2023-11-16T17:37:45","guid":{"rendered":"https:\/\/primicias2262.com\/noticias\/?p=104692"},"modified":"2023-11-17T13:55:43","modified_gmt":"2023-11-17T13:55:43","slug":"el-intendente-rojas-mostro-un-contundente-apoyo-a-massa-es-la-mejor-opcion","status":"publish","type":"post","link":"https:\/\/primicias2262.com\/noticias\/el-intendente-rojas-mostro-un-contundente-apoyo-a-massa-es-la-mejor-opcion\/","title":{"rendered":"El intendente Rojas mostr\u00f3 un contundente apoyo a Massa: \u201cEs la mejor opci\u00f3n\u201d"},"content":{"rendered":"<p><strong>\u201cPor supuesto que no me da lo mismo un proyecto que otro\u201d, se\u00f1al\u00f3 el Jefe comunal, revelando que no concuerda con ninguna de ideas libertarias y que una victoria del candidato de Uni\u00f3n por la Patria es la mejor oportunidad para que Necochea siga avanzando y terminar con la grieta.<\/strong><\/p>\n<p>A d\u00edas de una de las elecciones presidenciales m\u00e1s importantes de la historia argentina, el intendente vecinalista, Arturo Rojas, fij\u00f3 su postura con respecto al modelo de pa\u00eds que le conviene al distrito para continuar en esta senda de crecimiento: \u201cLa mejor opci\u00f3n es la de Sergio Massa\u201d, asegur\u00f3.<\/p>\n<p>En distintas manifestaciones p\u00fablicas, el Jefe de la comuna remarc\u00f3 que, aunque el espacio de Nueva Necochea se caracteriza por su pluralidad y \u201ccada uno tiene la libertad de pensar y de elegir en democracia\u201d la opci\u00f3n presidencial de Uni\u00f3n por la Patria es la \u00fanica viable para el futuro desarrollo del partido y del pa\u00eds.<\/p>\n<p>En contra de las ideas libertarias, el mandatario local se\u00f1al\u00f3 que \u201cestamos por dirimir entre dos modelos absolutamente diferentes\u201d, y \u201cprecisamos fortalecer las instituciones p\u00fablicas, la salud p\u00fablica, la educaci\u00f3n p\u00fablica\u201d.<\/p>\n<p>\u201cNo se trata de la eliminaci\u00f3n del Estado y dejar todo liberado al mercado, sino de encontrar un Estado que sea moderno y eficiente, un Estado que d\u00e9 respuestas a los vecinos\u201d, indic\u00f3.<\/p>\n<p>En ese marco, la propuesta de Massa se transforma en una oportunidad para conformar \u201cun gobierno de unidad nacional, con pol\u00edticas p\u00fablicas de mediano y largo plazo\u201d y asegurar \u201ceducaci\u00f3n, salud y obra p\u00fablica para todos los vecinos y vecinas, y no un modelo que excluya a los sectores m\u00e1s vulnerables\u201d.<\/p>\n<p>\u201cHoy, el \u00fanico equipo serio, con un dirigente preparado, es el de Massa. Conozco en persona las transformaciones y la modernizaci\u00f3n que hizo en Anses, cuando fue presidente, y tambi\u00e9n la evoluci\u00f3n que tuvo en materia de seguridad el municipio de Tigre cuando \u00e9l lo administr\u00f3\u201d, certific\u00f3 la cabeza del Poder Ejecutivo necochense.<\/p>\n<p>En cambio, \u201cno comulgo con ninguna de las ideas del modelo libertario, ni con la dolarizaci\u00f3n, que quita soberan\u00eda; tampoco con los v\u00e1uchers, que es educaci\u00f3n para algunos; ni hablar de lo que tiene que ver con la venta de \u00f3rganos o la libre portaci\u00f3n de armas\u201d.<\/p>\n<p>Sobre este \u00faltimo punto, Arturo Rojas ahond\u00f3: \u201cEs un tema muy sensible, sobre todo para nosotros, los necochenses. Lamentablemente, tras el asesinato de Alfredo Marcenac, por la lucha de su familia se logr\u00f3 sancionar una ley que es muy importante a nivel nacional; y precisamos que cada vez haya m\u00e1s desarme en nuestros hogares, para que no se repitan estas tragedias o aumente la delincuencia, no quiero eso para mis hijos, no quiero eso para los ciudadanos\u201d.<\/p>\n<p>\u201cLa discusi\u00f3n se tiene que dar por otro lado. No pasa por el achicamiento del Estado, porque el Estado somos todos, sino que se trata de lograr un Estado m\u00e1s eficiente, m\u00e1s moderno y que de respuestas. Y, en este sentido, considero que Sergio Massa es el que mejor representa nuestra propuesta: la de potenciar la producci\u00f3n, reanimar a la industria, tomar a la educaci\u00f3n como la base del desarrollo y el progreso, y terminar con la grieta\u201d, remarc\u00f3 el Intendente.<\/p>\n","protected":false},"excerpt":{"rendered":"<p>\u201cPor supuesto que no me da lo mismo un proyecto que otro\u201d, se\u00f1al\u00f3 el Jefe comunal, revelando que no concuerda con ninguna de ideas libertarias y que una victoria del candidato de Uni\u00f3n por la Patria es la mejor oportunidad para que Necochea siga avanzando y terminar con la grieta. A d\u00edas de una de [&hellip;]<\/p>\n","protected":false},"author":3,"featured_media":104693,"comment_status":"open","ping_status":"open","sticky":false,"template":"","format":"standard","meta":{"footnotes":""},"categories":[3],"tags":[],"class_list":["post-104692","post","type-post","status-publish","format-standard","has-post-thumbnail","category-masnoticias"],"_links":{"self":[{"href":"https:\/\/primicias2262.com\/noticias\/wp-json\/wp\/v2\/posts\/104692","targetHints":{"allow":["GET"]}}],"collection":[{"href":"https:\/\/primicias2262.com\/noticias\/wp-json\/wp\/v2\/posts"}],"about":[{"href":"https:\/\/primicias2262.com\/noticias\/wp-json\/wp\/v2\/types\/post"}],"author":[{"embeddable":true,"href":"https:\/\/primicias2262.com\/noticias\/wp-json\/wp\/v2\/users\/3"}],"replies":[{"embeddable":true,"href":"https:\/\/primicias2262.com\/noticias\/wp-json\/wp\/v2\/comments?post=104692"}],"version-history":[{"count":2,"href":"https:\/\/primicias2262.com\/noticias\/wp-json\/wp\/v2\/posts\/104692\/revisions"}],"predecessor-version":[{"id":104704,"href":"https:\/\/primicias2262.com\/noticias\/wp-json\/wp\/v2\/posts\/104692\/revisions\/104704"}],"wp:featuredmedia":[{"embeddable":true,"href":"https:\/\/primicias2262.com\/noticias\/wp-json\/wp\/v2\/media\/104693"}],"wp:attachment":[{"href":"https:\/\/primicias2262.com\/noticias\/wp-json\/wp\/v2\/media?parent=104692"}],"wp:term":[{"taxonomy":"category","embeddable":true,"href":"https:\/\/primicias2262.com\/noticias\/wp-json\/wp\/v2\/categories?post=104692"},{"taxonomy":"post_tag","embeddable":true,"href":"https:\/\/primicias2262.com\/noticias\/wp-json\/wp\/v2\/tags?post=104692"}],"curies":[{"name":"wp","href":"https:\/\/api.w.org\/{rel}","templated":true}]}}