{"id":104695,"date":"2023-11-16T18:09:53","date_gmt":"2023-11-16T18:09:53","guid":{"rendered":"https:\/\/primicias2262.com\/noticias\/?p=104695"},"modified":"2023-11-17T17:03:31","modified_gmt":"2023-11-17T17:03:31","slug":"se-anuncia-la-presentacion-del-libro-de-los-140-anos-de-la-sociedad-espanola-de-necochea","status":"publish","type":"post","link":"https:\/\/primicias2262.com\/noticias\/se-anuncia-la-presentacion-del-libro-de-los-140-anos-de-la-sociedad-espanola-de-necochea\/","title":{"rendered":"Se anuncia la presentaci\u00f3n del libro de los 140 a\u00f1os de la Sociedad Espa\u00f1ola de Necochea"},"content":{"rendered":"<p><strong>Se realizar\u00e1 el viernes 24 de noviembre en el teatro de la instituci\u00f3n, a partir de las 20 hs., con la disertaci\u00f3n del Licenciado en Historia encargado de la obra, Alejandro Andersen.<\/strong><\/p>\n<p>La obra se denomina \u201c140 a\u00f1os la Sociedad Espa\u00f1ola de Socorros Mutuos de Necochea\u201d, cuyo autor es el profesor Alejandro Andersen, y en ese contexto, el presidente de Sociedad Espa\u00f1ola local, Arq. Jos\u00e9 Luis Ruiz, anticip\u00f3 en di\u00e1logo telef\u00f3nico con el periodista Jorge G\u00f3mez que \u201ces un proyecto que iniciamos hace un a\u00f1o con la comisi\u00f3n directiva, decidimos hacer los festejos de los 140 a\u00f1os que se cumplen el 10 de diciembre y dentro de esos festejos tuvimos la idea de escribir la historia de nuestra instituci\u00f3n, tan pr\u00f3xima a la fundaci\u00f3n de la ciudad\u201d.<\/p>\n<p>En \u201cVoces de la Ciudad\u201d revel\u00f3 que \u201cpara eso comprometimos y contratamos al Prof. Alejandro Andersen, quien hizo un trabajo incre\u00edble al contar la historia y nos sorprendi\u00f3 c\u00f3mo trabaj\u00f3 con los libros de actas de la instituci\u00f3n, las personas que han pasado a lo largo de los a\u00f1os, que han vivido en la instituci\u00f3n y han sido parte de la historia de la ciudad, con nombres y apellidos como el de Emilio Ferreyra, el nombre de nuestro hospital\u201d.<\/p>\n<p>Por consiguiente, reconoci\u00f3 Ruiz que \u201cestamos muy contentos y el viernes 24 a las 20 en el Teatro de nuestras instalaciones de la Sociedad Espa\u00f1ola se va a hacer la presentaci\u00f3n del libro. Nos acompa\u00f1ar\u00e1 la editorial que est\u00e1 haciendo los \u00faltimos retoques y tendremos el acompa\u00f1amiento de dos coros locales, as\u00ed que est\u00e1n todos invitados a escuchar al Prof. Andersen y conocer la historia de nuestra instituci\u00f3n\u201d.<\/p>\n<p>Finalmente, se\u00f1al\u00f3 que lo del libro se trata de una experiencia nueva para la comisi\u00f3n directiva y manifest\u00f3 que \u201cvenimos trabajando hace un tiempo con borradores del libro\u2026 es algo muy emocionante, cap\u00edtulo a cap\u00edtulo se van descubriendo cosas y se entiende el por qu\u00e9 esta instituci\u00f3n dur\u00f3 tanto tiempo. Hoy la estamos manteniendo en pie, haciendo d\u00eda a d\u00eda crezca y le brinde un buen servicio a los socios\u201d.<\/p>\n","protected":false},"excerpt":{"rendered":"<p>Se realizar\u00e1 el viernes 24 de noviembre en el teatro de la instituci\u00f3n, a partir de las 20 hs., con la disertaci\u00f3n del Licenciado en Historia encargado de la obra, Alejandro Andersen. La obra se denomina \u201c140 a\u00f1os la Sociedad Espa\u00f1ola de Socorros Mutuos de Necochea\u201d, cuyo autor es el profesor Alejandro Andersen, y en [&hellip;]<\/p>\n","protected":false},"author":3,"featured_media":104696,"comment_status":"open","ping_status":"open","sticky":false,"template":"","format":"standard","meta":{"footnotes":""},"categories":[3],"tags":[],"class_list":["post-104695","post","type-post","status-publish","format-standard","has-post-thumbnail","category-masnoticias"],"_links":{"self":[{"href":"https:\/\/primicias2262.com\/noticias\/wp-json\/wp\/v2\/posts\/104695","targetHints":{"allow":["GET"]}}],"collection":[{"href":"https:\/\/primicias2262.com\/noticias\/wp-json\/wp\/v2\/posts"}],"about":[{"href":"https:\/\/primicias2262.com\/noticias\/wp-json\/wp\/v2\/types\/post"}],"author":[{"embeddable":true,"href":"https:\/\/primicias2262.com\/noticias\/wp-json\/wp\/v2\/users\/3"}],"replies":[{"embeddable":true,"href":"https:\/\/primicias2262.com\/noticias\/wp-json\/wp\/v2\/comments?post=104695"}],"version-history":[{"count":1,"href":"https:\/\/primicias2262.com\/noticias\/wp-json\/wp\/v2\/posts\/104695\/revisions"}],"predecessor-version":[{"id":104697,"href":"https:\/\/primicias2262.com\/noticias\/wp-json\/wp\/v2\/posts\/104695\/revisions\/104697"}],"wp:featuredmedia":[{"embeddable":true,"href":"https:\/\/primicias2262.com\/noticias\/wp-json\/wp\/v2\/media\/104696"}],"wp:attachment":[{"href":"https:\/\/primicias2262.com\/noticias\/wp-json\/wp\/v2\/media?parent=104695"}],"wp:term":[{"taxonomy":"category","embeddable":true,"href":"https:\/\/primicias2262.com\/noticias\/wp-json\/wp\/v2\/categories?post=104695"},{"taxonomy":"post_tag","embeddable":true,"href":"https:\/\/primicias2262.com\/noticias\/wp-json\/wp\/v2\/tags?post=104695"}],"curies":[{"name":"wp","href":"https:\/\/api.w.org\/{rel}","templated":true}]}}