{"id":104699,"date":"2023-11-17T13:55:19","date_gmt":"2023-11-17T13:55:19","guid":{"rendered":"https:\/\/primicias2262.com\/noticias\/?p=104699"},"modified":"2023-11-17T13:55:19","modified_gmt":"2023-11-17T13:55:19","slug":"el-nombre-mas-votado-para-la-secundaria-no-14-fue-el-de-rene-favaloro","status":"publish","type":"post","link":"https:\/\/primicias2262.com\/noticias\/el-nombre-mas-votado-para-la-secundaria-no-14-fue-el-de-rene-favaloro\/","title":{"rendered":"El nombre m\u00e1s votado para la Secundaria N\u00ba 14 fue el de Ren\u00e9 Favaloro"},"content":{"rendered":"<p><strong>Por Jorge G\u00f3mez<\/strong><\/p>\n<p>Por elecci\u00f3n de los integrantes de su comunidad educativa, la Escuela Secundaria N\u00ba 14, situada en la villa balnearia, el que mayor n\u00famero de votos que se obtuvo al final del escrutinio fue el del nombre del reconocido cardiocirujano Ren\u00e9 Favaloro.<\/p>\n<p>La decisi\u00f3n final de imposici\u00f3n pas\u00f3 a consideraci\u00f3n de las autoridades educativas regionales y de la Direcci\u00f3n General de Cultura y Educaci\u00f3n de la Provincia de Buenos Aires.<\/p>\n<p>Se prev\u00e9 que la resoluci\u00f3n final -con \u00e9ste o el segundo o el tercer nombre m\u00e1s votado- se conocer\u00eda cuando est\u00e9 avanzado el ciclo lectivo 2024.<\/p>\n<p><a href=\"https:\/\/primicias2262.com\/noticias\/wp-content\/uploads\/2023\/11\/WhatsApp-Image-2023-11-16-at-7.26.52-PM.jpeg\"><img loading=\"lazy\" decoding=\"async\" class=\"aligncenter size-full wp-image-104701\" src=\"https:\/\/primicias2262.com\/noticias\/wp-content\/uploads\/2023\/11\/WhatsApp-Image-2023-11-16-at-7.26.52-PM.jpeg\" alt=\"\" width=\"1317\" height=\"734\" srcset=\"https:\/\/primicias2262.com\/noticias\/wp-content\/uploads\/2023\/11\/WhatsApp-Image-2023-11-16-at-7.26.52-PM.jpeg 1317w, https:\/\/primicias2262.com\/noticias\/wp-content\/uploads\/2023\/11\/WhatsApp-Image-2023-11-16-at-7.26.52-PM-300x167.jpeg 300w, https:\/\/primicias2262.com\/noticias\/wp-content\/uploads\/2023\/11\/WhatsApp-Image-2023-11-16-at-7.26.52-PM-1024x571.jpeg 1024w, https:\/\/primicias2262.com\/noticias\/wp-content\/uploads\/2023\/11\/WhatsApp-Image-2023-11-16-at-7.26.52-PM-768x428.jpeg 768w, https:\/\/primicias2262.com\/noticias\/wp-content\/uploads\/2023\/11\/WhatsApp-Image-2023-11-16-at-7.26.52-PM-150x84.jpeg 150w, https:\/\/primicias2262.com\/noticias\/wp-content\/uploads\/2023\/11\/WhatsApp-Image-2023-11-16-at-7.26.52-PM-696x388.jpeg 696w, https:\/\/primicias2262.com\/noticias\/wp-content\/uploads\/2023\/11\/WhatsApp-Image-2023-11-16-at-7.26.52-PM-1068x595.jpeg 1068w\" sizes=\"auto, (max-width: 1317px) 100vw, 1317px\" \/><\/a>El cotejo de que si el nombre de Favaloro se encuentra en otro establecimiento educativo de la Regi\u00f3n XX del \u00e1mbito educativo bonaerense -que comprende Necochea-, se pasa a considerar el segundo m\u00e1s votado.<\/p>\n<p>El mencionado nombre del recordado m\u00e9dico argentino, con reconocimiento mundial, fallecido a\u00f1os atr\u00e1s, sum\u00f3 al momento del recuento de votos un total de 129 votos con opiniones a su favor.<\/p>\n<p>Se inform\u00f3 que para esta elecci\u00f3n se utiliz\u00f3 una urna de madera que hab\u00eda sido dispuesta en las elecciones generales de octubre en Necochea el 30 de octubre de 1983, o sea hace 40 a\u00f1os atr\u00e1s.<\/p>\n<p><a href=\"https:\/\/primicias2262.com\/noticias\/wp-content\/uploads\/2023\/11\/WhatsApp-Image-2023-11-16-at-7.26.54-PM.jpeg\"><img loading=\"lazy\" decoding=\"async\" class=\"aligncenter size-full wp-image-104702\" src=\"https:\/\/primicias2262.com\/noticias\/wp-content\/uploads\/2023\/11\/WhatsApp-Image-2023-11-16-at-7.26.54-PM.jpeg\" alt=\"\" width=\"1280\" height=\"1280\" srcset=\"https:\/\/primicias2262.com\/noticias\/wp-content\/uploads\/2023\/11\/WhatsApp-Image-2023-11-16-at-7.26.54-PM.jpeg 1280w, https:\/\/primicias2262.com\/noticias\/wp-content\/uploads\/2023\/11\/WhatsApp-Image-2023-11-16-at-7.26.54-PM-300x300.jpeg 300w, https:\/\/primicias2262.com\/noticias\/wp-content\/uploads\/2023\/11\/WhatsApp-Image-2023-11-16-at-7.26.54-PM-1024x1024.jpeg 1024w, https:\/\/primicias2262.com\/noticias\/wp-content\/uploads\/2023\/11\/WhatsApp-Image-2023-11-16-at-7.26.54-PM-150x150.jpeg 150w, https:\/\/primicias2262.com\/noticias\/wp-content\/uploads\/2023\/11\/WhatsApp-Image-2023-11-16-at-7.26.54-PM-768x768.jpeg 768w, https:\/\/primicias2262.com\/noticias\/wp-content\/uploads\/2023\/11\/WhatsApp-Image-2023-11-16-at-7.26.54-PM-696x696.jpeg 696w, https:\/\/primicias2262.com\/noticias\/wp-content\/uploads\/2023\/11\/WhatsApp-Image-2023-11-16-at-7.26.54-PM-1068x1068.jpeg 1068w\" sizes=\"auto, (max-width: 1280px) 100vw, 1280px\" \/><\/a>Adem\u00e1s de la nominaci\u00f3n del nombre de Favaloro se hab\u00edan puesto a consideraci\u00f3n de quienes concurrieron a votar otras ocho postulaciones m\u00e1s.<\/p>\n<p>Vale citar que el aludido establecimiento, que ocupa el mismo edificio que la Escuela N\u00ba 50, en la villa balnearia, cuenta como directora a Mariana P\u00e9rez y como secretaria a Romina Falc\u00f3n.<\/p>\n<p>La segunda m\u00e1s votada correspondi\u00f3 al nombre de Frida Kahlo que sum\u00f3 22 apoyos, quedando Juan Carlos Ferrari con 18 votos.<\/p>\n<p>Tambi\u00e9n estuvieron como opciones los nombres de Germ\u00e1n Berdiales, Juana Azurduy, Alejandra Pizarnik, Rosa Guerra, Roberto Arlt, y Le\u00f3nidas Barletta.<\/p>\n<p>Se conoci\u00f3 que de esta convocatoria a votar tomaron parte estudiantes en curso, otros egresados del lugar, profesores, auxiliares, familiares y allegados a la comunidad educativa.<\/p>\n<p>Detr\u00e1s de Ren\u00e9 Favaloro, los nombres m\u00e1s elegidos resultaron los de Frida Kahlo, con 22 votos, y tercero qued\u00f3 Juan Carlos Ferrari con 18.<\/p>\n<p>En la actualidad la Escuela Secundaria N\u00ba 14 de Necochea cuenta con una poblaci\u00f3n estudiantil de 145 alumnos, quienes concurren en dos turnos, en dos secciones, con orientaci\u00f3n hacia el arte.<\/p>\n<p><a href=\"https:\/\/primicias2262.com\/noticias\/wp-content\/uploads\/2023\/07\/fava-rene-doctor.jpg\"><img loading=\"lazy\" decoding=\"async\" class=\"aligncenter size-full wp-image-101837\" src=\"https:\/\/primicias2262.com\/noticias\/wp-content\/uploads\/2023\/07\/fava-rene-doctor.jpg\" alt=\"\" width=\"800\" height=\"581\" srcset=\"https:\/\/primicias2262.com\/noticias\/wp-content\/uploads\/2023\/07\/fava-rene-doctor.jpg 800w, https:\/\/primicias2262.com\/noticias\/wp-content\/uploads\/2023\/07\/fava-rene-doctor-300x218.jpg 300w, https:\/\/primicias2262.com\/noticias\/wp-content\/uploads\/2023\/07\/fava-rene-doctor-768x558.jpg 768w, https:\/\/primicias2262.com\/noticias\/wp-content\/uploads\/2023\/07\/fava-rene-doctor-150x109.jpg 150w, https:\/\/primicias2262.com\/noticias\/wp-content\/uploads\/2023\/07\/fava-rene-doctor-696x505.jpg 696w\" sizes=\"auto, (max-width: 800px) 100vw, 800px\" \/><\/a><\/p>\n","protected":false},"excerpt":{"rendered":"<p>Por Jorge G\u00f3mez Por elecci\u00f3n de los integrantes de su comunidad educativa, la Escuela Secundaria N\u00ba 14, situada en la villa balnearia, el que mayor n\u00famero de votos que se obtuvo al final del escrutinio fue el del nombre del reconocido cardiocirujano Ren\u00e9 Favaloro. La decisi\u00f3n final de imposici\u00f3n pas\u00f3 a consideraci\u00f3n de las autoridades [&hellip;]<\/p>\n","protected":false},"author":3,"featured_media":104700,"comment_status":"open","ping_status":"open","sticky":false,"template":"","format":"standard","meta":{"footnotes":""},"categories":[5],"tags":[],"class_list":{"0":"post-104699","1":"post","2":"type-post","3":"status-publish","4":"format-standard","5":"has-post-thumbnail","7":"category-neco"},"_links":{"self":[{"href":"https:\/\/primicias2262.com\/noticias\/wp-json\/wp\/v2\/posts\/104699","targetHints":{"allow":["GET"]}}],"collection":[{"href":"https:\/\/primicias2262.com\/noticias\/wp-json\/wp\/v2\/posts"}],"about":[{"href":"https:\/\/primicias2262.com\/noticias\/wp-json\/wp\/v2\/types\/post"}],"author":[{"embeddable":true,"href":"https:\/\/primicias2262.com\/noticias\/wp-json\/wp\/v2\/users\/3"}],"replies":[{"embeddable":true,"href":"https:\/\/primicias2262.com\/noticias\/wp-json\/wp\/v2\/comments?post=104699"}],"version-history":[{"count":1,"href":"https:\/\/primicias2262.com\/noticias\/wp-json\/wp\/v2\/posts\/104699\/revisions"}],"predecessor-version":[{"id":104703,"href":"https:\/\/primicias2262.com\/noticias\/wp-json\/wp\/v2\/posts\/104699\/revisions\/104703"}],"wp:featuredmedia":[{"embeddable":true,"href":"https:\/\/primicias2262.com\/noticias\/wp-json\/wp\/v2\/media\/104700"}],"wp:attachment":[{"href":"https:\/\/primicias2262.com\/noticias\/wp-json\/wp\/v2\/media?parent=104699"}],"wp:term":[{"taxonomy":"category","embeddable":true,"href":"https:\/\/primicias2262.com\/noticias\/wp-json\/wp\/v2\/categories?post=104699"},{"taxonomy":"post_tag","embeddable":true,"href":"https:\/\/primicias2262.com\/noticias\/wp-json\/wp\/v2\/tags?post=104699"}],"curies":[{"name":"wp","href":"https:\/\/api.w.org\/{rel}","templated":true}]}}