{"id":104705,"date":"2023-11-17T14:00:31","date_gmt":"2023-11-17T14:00:31","guid":{"rendered":"https:\/\/primicias2262.com\/noticias\/?p=104705"},"modified":"2023-11-18T16:55:38","modified_gmt":"2023-11-18T16:55:38","slug":"no-se-puede-votar-a-un-tipo-que-haria-lo-contrario-a-lo-hecho-por-la-ucr-en-130-anos-de-historia","status":"publish","type":"post","link":"https:\/\/primicias2262.com\/noticias\/no-se-puede-votar-a-un-tipo-que-haria-lo-contrario-a-lo-hecho-por-la-ucr-en-130-anos-de-historia\/","title":{"rendered":"\u201cNo se puede votar a un tipo que har\u00eda lo contrario a lo hecho por la UCR en 130 a\u00f1os de historia\u201d"},"content":{"rendered":"<h6 class=\"h4 ff-16px-w700\"><strong>El necochense Pedro \u00abPerico\u00bb Azcoiti, dirigente radical clave de la provincia de Buenos Aires, votar\u00e1 a Sergio Massa, y as\u00ed lo hizo saber durante una nota con P\u00e1gina 12 que a continuaci\u00f3n de comparte.<\/strong><\/h6>\n<p>Por Andr\u00e9s Miquel<\/p>\n<div class=\"col 2-col\">\n<div class=\"article-main-content article-text \">\n<p><strong>La nota se se titula con un textual de Azcoiti: \u00abEs hora de dejar de lado la dicotom\u00eda entre peronismo y antiperonismo de una vez por todas\u00bb<\/strong><\/p>\n<p><b>\u201cEsto es como el poema de Borges: no nos une el amor, si no el espanto.\u201d<\/b>\u00a0As\u00ed describe la situaci\u00f3n <b>Pedro Azcoiti<\/b>, ex diputado nacional de la UCR, al ser consultado por <b>Buenos Aires\/12<\/b> sobre los motivos para hacer p\u00fablico su apoyo al candidato de Uni\u00f3n por la Patria, Sergio Massa.<\/p>\n<p>Con el balotaje a la vuelta de la esquina, muchos dirigentes de la pol\u00edtica bonaerense fueron encontrando su l\u00edmite en Javier Milei.\u00a0Azcoiti, oriundo de Necochea, integra el grupo de m\u00e1s de 200 radicales que firmaron el documento <b>\u201cUn voto para defender la democracia y derrotar al odio\u201d, <\/b>en el que junto a <b>Federico Storani, Ra\u00fal Alconada Semp\u00e9, <\/b>y<b> Luis \u201cChangui\u201d Caceres<\/b>\u00a0sintetizan el balotaje mediante una frase: <b>\u201cCivilizaci\u00f3n o barbarie\u201d<\/b>.<\/p>\n<div id=\"talkFireEvent\"><\/div>\n<p><b>\u2014\u00bfPor qu\u00e9 la Uni\u00f3n C\u00edvica Radical mantiene la postura neutral como partido?<\/b><\/p>\n<p>\u2014Creo que es la postura correcta. Hay que tener en cuenta el panorama y la situaci\u00f3n el 10 diciembre. El radicalismo tendr\u00e1 cinco gobernadores y cientos de intendentes. Vamos a ser oposici\u00f3n de los dos.<\/p>\n<p><b>\u2014Entonces, \u00bfpor qu\u00e9 prefiri\u00f3 pronunciarse?<\/b><\/p>\n<p>\u2014Para Milei el radicalismo representa lo peor. Tratar a Hip\u00f3lito Yrigoyen como el principio del populismo, y las agresiones hacia Alfons\u00edn lo demuestran. No se puede votar a un tipo que har\u00eda lo contrario a lo hecho por la UCR en 130 a\u00f1os de historia.<\/p>\n<div id=\"ad-slot-video_inread\" class=\"ad-slot-video_inread ad-slot\" data-adzonerun=\"1\" data-adtype=\"video_inread\" data-google-query-id=\"CPyS1s-Xy4IDFVahlQIdJssPSg\">\n<div id=\"google_ads_iframe_\/349353471\/p12\/nota_video_inread_0__container__\"><\/div>\n<\/div>\n<p><b>\u2014\u00bfCree que el electorado radical est\u00e1 pr\u00f3ximo a su pensamiento?<\/b><\/p>\n<p>\u2014Yo estimo que el grueso del radicalismo vota en blanco o se inclina por Massa. Puede haber una minor\u00eda muy marcada que puede optar por Milei. Ojo que ninguno es ni pretende ser due\u00f1o de los votos, pero que los dirigentes se pronuncien por ah\u00ed ayuda a algunas personas afines al radicalismo que tienen dudas sobre su voto.<\/p>\n<p><b>\u2014\u00bfLos dirigentes deben pronunciarse?<\/b><\/p>\n<p>\u2014Creo que es una responsabilidad de la dirigencia pol\u00edtica hacer, porque si no sos un seguidor de encuestas. Alfons\u00edn siempre estuvo en contra de la decisi\u00f3n sobre Malvinas, pero los seguidores de encuestas se subieron al avi\u00f3n. Arturo Illia hab\u00eda logrado un gran avance con la Resoluci\u00f3n N\u00b0 2065 (NdeR: resoluci\u00f3n de la Asamblea General de la ONU que convocaba al gobierno argentino y al brit\u00e1nico a negociar con el objetivo de poner fin al colonialismo), y lo de 1982 fue un gran retroceso. Ahora, reivindicar a Margaret Thatcher y Ronald Reagan, es un disparate.<\/p>\n<div id=\"ad-slot-inline2\" class=\"ad-slot-inline_grande ad-slot\" data-adzonerun=\"1\" data-adtype=\"inline_grande\"><\/div>\n<p><b>\u2014\u00bfC\u00f3mo vivi\u00f3 la relaci\u00f3n con ellos durante su gesti\u00f3n?<\/b><\/p>\n<p>\u2014Al radical que piensa votar Milei, que reivindica a Reagan, le pondr\u00eda el discurso de Alfons\u00edn en los jardines de la Casa Blanca de 1985 y su respuesta sobre Centroam\u00e9rica. Milei est\u00e1 en las ant\u00edpodas de Alfons\u00edn.<\/p>\n<p><b>\u2014Mauricio Macri hizo una publicaci\u00f3n marcando que Gerardo Morales votar\u00e1 al mismo<\/b> <b>candidato que Milagro Sala. \u00bfPor qu\u00e9 cree que lo hizo?<\/b><\/p>\n<p>\u2014Creo que post elecciones generales aflor\u00f3 lo que Macri ven\u00eda pensando. Vimos los elogios a Milei el d\u00eda de las PASO, y durante la campa\u00f1a parec\u00eda que \u00e9l era su candidato y no Patricia Bullrich.<\/p>\n<div id=\"ad-slot-inline3\" class=\"ad-slot-inline ad-slot\" data-adzonerun=\"1\" data-adtype=\"inline\"><\/div>\n<p><b>\u2014\u00bfEsto le pone fin a Juntos por el Cambio?<\/b><\/p>\n<p>\u2014El JxC que se present\u00f3 a elecciones no existe m\u00e1s porque me parece que el PRO no existe m\u00e1s tal como se lo conoc\u00eda. Una parte del PRO est\u00e1 con Macri y Bullrich, y otra est\u00e1 representada en Horacio Rodr\u00edguez Larreta, Mar\u00eda Eugenia Vidal, Rogelio Frigerio, entre otros. S\u00ed va a existir en las provincias, porque los gobernadores accedieron como JxC en base a acuerdos. Pullaro en Santa Fe, por ejemplo, es JxC m\u00e1s el socialismo. A eso hay que sumarle los concejos deliberantes. Por eso creo que hay una nueva conformaci\u00f3n en la coalici\u00f3n donde se puede terminar de incorporar al socialismo e intelectuales progresistas.<\/p>\n<div id=\"ad-slot-inline4\" class=\"ad-slot-inline ad-slot\" data-adzonerun=\"1\" data-adtype=\"inline\"><\/div>\n<p><b>\u2014Ya que habla de las provincias, \u00bfc\u00f3mo vio el desenvolvimiento de la UCR bonaerense en la<\/b> <b>elecci\u00f3n?<\/b><\/p>\n<p>\u2014Si bien alcanz\u00f3 la senadur\u00eda nacional con Maximiliano Abad, s\u00f3lo entraron dos diputados nacionales de la UCR. A m\u00ed me toc\u00f3 encabezar en el 2005 con todo lo que hab\u00eda sufrido el radicalismo y entramos tres. Por eso creo que desde el Comit\u00e9 provincial no acertaron o no supieron encontrar las estrategias razonables para que el radicalismo tuviera los lugares que le correspond\u00edan. En la Convenci\u00f3n se plante\u00f3 ir con candidatos propios, pero el radicalismo qued\u00f3 postergado.<\/p>\n<p><b>\u2014\u00bfPor qu\u00e9 Facundo Manes termin\u00f3 teniendo un rol<\/b> <b>marginal en la elecci\u00f3n?<\/b><\/p>\n<p>\u2014Hace dos a\u00f1os gan\u00f3 la provincia junto a Diego Santilli. Tiene mucho para darle al radicalismo y al pa\u00eds. Hubo un error de estrategias.<\/p>\n<p><b>\u2014\u00bfNo le preocupa que lo tilden de \u00abmassista\u00bb por el pronunciamiento?<\/b><\/p>\n<p>\u2014Eso ser\u00eda mala fe o ignorancia. No nos hicimos massistas ni peronistas. Somos radicales que tenemos la responsabilidad de advertir que Milei y Victoria Villarruel pueden acceder a llevar los destinos del pa\u00eds. Este gobierno ha sido muy malo. Pero creemos que desde el Parlamento podemos contribuir en el futuro.<\/p>\n<p><b>\u2014\u00bfCu\u00e1l es su mirada sobre el peronismo, tras haber formado parte del gobierno de Alfons\u00edn?<\/b><\/p>\n<p>\u2014A ver. Nos comimos los paros con la CGT. Estuvieron los levantamientos carapintadas. La Sociedad Rural que nos puteaba en Palermo. Hubo que desactivar la bomba del posible conflicto con Chile. Se llev\u00f3 a cabo el reordenamiento universitario. Todo eso en un claro contexto de debilidad pol\u00edtica tras la dictadura. El peronismo tuvo actitudes diferentes, como la de Antonio Cafiero en Semana Santa o los trece paros de Sa\u00fal Ubaldini. Pero esto no nos puede arrastrar. Hay dejar de lado la dicotom\u00eda peronismo y antiperonismo de una vez por todas. Nos lo ense\u00f1\u00f3 Ricardo Balb\u00edn,\u00a0con su abrazo con Juan Per\u00f3n. No hay que volver a esa rosca que llev\u00f3 a la crisis de los partidos tradicionales, porque hoy no alcanza un solo partido para llevar a cabo las trasformaciones.<\/p>\n<p><b>\u2014\u00bfConf\u00eda en Massa?<\/b><\/p>\n<p>\u2014Creo que Massa es peligroso (sic), pero no como Milei. Ante ese temor, muchos votaran en blanco, pero votar por Milei me parece descabellado. Nosotros elegimos a quien oponernos, elegimos el mal menor. Elegimos a Massa, a quien responsabilizamos de la actual situaci\u00f3n econ\u00f3mica y no suscribimos lo que hizo, pero tenemos en claro que con \u00e9l s\u00ed se puede recrear un di\u00e1logo en el Parlamento siendo oposici\u00f3n.<\/p>\n<p><b>\u2014Milei lo llama \u00abun acuerdo de la casta\u00bb.<\/b><\/p>\n<p>\u2014Milei es la negaci\u00f3n de la pol\u00edtica, de la buena pol\u00edtica. Dialogar con amigos es f\u00e1cil, el tema es hacerlo con el opositor y encontrar puntos en com\u00fan. Hay muchos ejemplos de di\u00e1logo como los que mencion\u00e9 entre Per\u00f3n y Balb\u00edn, y Cafiero con Alfons\u00edn. Tambi\u00e9n hubo di\u00e1logo entre Eduardo Duhalde y Alfons\u00edn en la salida de la Convertibilidad.<\/p>\n<p><b>\u2014\u00bfCu\u00e1l es la mala pol\u00edtica?<\/b><\/p>\n<p>\u2014 Es la que se aboca a la profundizaci\u00f3n de las diferencias. Es la grieta insalvable entre Cristina o Macri, porque en el medio no queda nada. Cuando asumi\u00f3 Alfons\u00edn convoc\u00f3 peronistas, socialistas, dem\u00f3cratas progresistas,\u00a0 sectores de la derecha&#8230; Incluso le ofreci\u00f3 la presidencia de la Corte a \u00cdtalo Luder, su reciente competidor en las elecciones.<\/p>\n<p><b>\u2014\u00bfQu\u00e9 conclusi\u00f3n le dej\u00f3 el debate presidencial?<\/b><\/p>\n<p>\u2014Claramente Massa es un tipo h\u00e1bil para el debate. Con una formaci\u00f3n importante. Milei est\u00e1 a a\u00f1os luz de ser un pol\u00edtico, porque adem\u00e1s tiene carencias de tipo intelectual. M\u00e1s all\u00e1 de su balbuceo en econom\u00eda, despu\u00e9s dice disparates. La venta de \u00f3rganos, lo que hablamos de Reagan, los vouchers en educaci\u00f3n, todo es de una pobreza intelectual muy grande.<\/p>\n<p><b>\u2014Desde su experiencia, \u00bfcu\u00e1l es el rol del Estado en los v\u00ednculos comerciales entre pa\u00edses? \u00bfPueden hacerlo entre privados?<\/b><\/p>\n<p>\u2014Que diga alg\u00fan frigor\u00edfico qu\u00e9 har\u00eda si no tuviera una norma sanitaria y si piensa que no tiene que intervenir el Estado. De ninguna manera se puede hacer entre partes. Con lo que dice Milei, se legaliza el contrabando porque cualquier cosa se puede llevar a cualquier lado. No tiene sentido, al igual que no comerciar con quienes piensan distinto. Nosotros somos defensores de la multilateralidad. Esto de romper con China y Brasil y solo comerciar con Estados Unidos e Israel es una locura. Todo lo que dijo Milei es una locura, pero la f\u00f3rmula la componen dos, y a m\u00ed me da m\u00e1s miedo la compa\u00f1era de f\u00f3rmula de Milei que el propio Milei.<\/p>\n<p><b>\u2014\u00bfPor qu\u00e9?<\/b><\/p>\n<p>\u2014Porque a Victoria Villarruel la considero m\u00e1s formada y m\u00e1s peligrosa. Sobre la dicatdura tiene un planteo similar a Emilio Massera, que habl\u00f3 de una guerra. Como alguien que fue detenido durante la dictadura, yo siempre reivindico la pol\u00edtica de derechos humanos de Alfons\u00edn y de juzgamiento, tanto lo que signific\u00f3 la CONADEP como los decretos N\u00b0 157 y el N\u00b0 158, que\u00a0promov\u00edan la acci\u00f3n penal no solo contra la Junta Militar sino tambi\u00e9n contra las c\u00fapulas de las organizaciones guerrilleras\u00a0que actuaron desde el 25 de mayo de 1973.<\/p>\n<p><b>\u2014\u00bfA qu\u00e9 se debe la aclaraci\u00f3n?<\/b><\/p>\n<p>\u0605\u2014A que creo que ha sido mal utilizado el tema de los derechos humanos durante estos a\u00f1os por parte del gobierno, y eso ha producido hartazgo en mucha gente. Incluso mucha gente votar\u00e1 en blanco por eso. Hay que hacer una autocr\u00edtica porque la CONADEP no la integr\u00f3 el peronismo. Los derechos humanos no se empezaron a violar en el &#8217;76, porque la Triple A estaba antes. Si hubiera autocr\u00edtica no hubiera pasado esto.<\/p>\n<p><b>\u2014\u00bfLa autocr\u00edtica incluye las leyes de Punto Final y Obediencia Debida?<\/b><\/p>\n<p>\u2014La ley de Punto Final puso una fecha tope para las presentaciones. Si no los jueces no iban convocar lo que nunca convocaron, e iba a ser un desfile de militares por tribunales. Y en cuanto a la Ley de Obediencia Debida, dentro del partido hubo posiciones encontradas. Alfons\u00edn lo reconoci\u00f3. Fue una necesidad de coyuntura, por eso despu\u00e9s Alfons\u00edn no se opuso a su derogaci\u00f3n. Ahora tenemos un candidato a Presidente que bardea lo que est\u00e1 definido como un delito de lesa humanidad diciendo que es de lesa humanidad la pandemia.<\/p>\n<p><b>\u2014\u00bfSe pueden caer los consensos b\u00e1sicos sobre lo sucedido en la dictadura?<\/b><\/p>\n<p>\u2014Creo que a partir del Juicio a la Junta hab\u00eda un consenso sobre lo sucedido. Hay fallos de la Justicia confirmados por la Corte. Est\u00e1 confirmado que hubo un plan sistem\u00e1tico de desaparici\u00f3n de personas y hay una amplia mayor\u00eda que est\u00e1 de acuerdo. Si ganan Milei y Villarruel ser\u00eda un retroceso inadmisible.<\/p>\n<\/div>\n<\/div>\n","protected":false},"excerpt":{"rendered":"<p>El necochense Pedro \u00abPerico\u00bb Azcoiti, dirigente radical clave de la provincia de Buenos Aires, votar\u00e1 a Sergio Massa, y as\u00ed lo hizo saber durante una nota con P\u00e1gina 12 que a continuaci\u00f3n de comparte. Por Andr\u00e9s Miquel La nota se se titula con un textual de Azcoiti: \u00abEs hora de dejar de lado la dicotom\u00eda [&hellip;]<\/p>\n","protected":false},"author":3,"featured_media":104354,"comment_status":"open","ping_status":"open","sticky":false,"template":"","format":"standard","meta":{"footnotes":""},"categories":[3],"tags":[],"class_list":["post-104705","post","type-post","status-publish","format-standard","has-post-thumbnail","category-masnoticias"],"_links":{"self":[{"href":"https:\/\/primicias2262.com\/noticias\/wp-json\/wp\/v2\/posts\/104705","targetHints":{"allow":["GET"]}}],"collection":[{"href":"https:\/\/primicias2262.com\/noticias\/wp-json\/wp\/v2\/posts"}],"about":[{"href":"https:\/\/primicias2262.com\/noticias\/wp-json\/wp\/v2\/types\/post"}],"author":[{"embeddable":true,"href":"https:\/\/primicias2262.com\/noticias\/wp-json\/wp\/v2\/users\/3"}],"replies":[{"embeddable":true,"href":"https:\/\/primicias2262.com\/noticias\/wp-json\/wp\/v2\/comments?post=104705"}],"version-history":[{"count":1,"href":"https:\/\/primicias2262.com\/noticias\/wp-json\/wp\/v2\/posts\/104705\/revisions"}],"predecessor-version":[{"id":104706,"href":"https:\/\/primicias2262.com\/noticias\/wp-json\/wp\/v2\/posts\/104705\/revisions\/104706"}],"wp:featuredmedia":[{"embeddable":true,"href":"https:\/\/primicias2262.com\/noticias\/wp-json\/wp\/v2\/media\/104354"}],"wp:attachment":[{"href":"https:\/\/primicias2262.com\/noticias\/wp-json\/wp\/v2\/media?parent=104705"}],"wp:term":[{"taxonomy":"category","embeddable":true,"href":"https:\/\/primicias2262.com\/noticias\/wp-json\/wp\/v2\/categories?post=104705"},{"taxonomy":"post_tag","embeddable":true,"href":"https:\/\/primicias2262.com\/noticias\/wp-json\/wp\/v2\/tags?post=104705"}],"curies":[{"name":"wp","href":"https:\/\/api.w.org\/{rel}","templated":true}]}}