{"id":104710,"date":"2023-11-17T16:29:29","date_gmt":"2023-11-17T16:29:29","guid":{"rendered":"https:\/\/primicias2262.com\/noticias\/?p=104710"},"modified":"2023-11-18T16:54:35","modified_gmt":"2023-11-18T16:54:35","slug":"la-semana-de-la-cocina-italiana-culmina-este-sabado-con-un-evento-en-la-plaza-dardo-rocha","status":"publish","type":"post","link":"https:\/\/primicias2262.com\/noticias\/la-semana-de-la-cocina-italiana-culmina-este-sabado-con-un-evento-en-la-plaza-dardo-rocha\/","title":{"rendered":"La Semana de la Cocina Italiana culmina este s\u00e1bado con un evento en la Plaza Dardo Rocha"},"content":{"rendered":"<p><strong>Ser\u00e1 este s\u00e1bado desde las 11 frente a la Municipalidad, con la presencia de todas las regiones italianas de Necochea ofreciendo sus platos t\u00edpicos.<\/strong><\/p>\n<p>La Secretar\u00eda de Turismo y Desarrollo Productivo informa que este s\u00e1bado 18 de noviembre culmina la \u201cSettimana della cucina italiana\u201d con un evento en Plaza Dardo Rocha que comenzar\u00e1 a las 11 con la presencia de todas las regiones italianas de Necochea ofreciendo platos t\u00edpicos, con la idea de que haya productores y negocios locales comercializando.<\/p>\n<p>En cuanto al <strong>cronograma de actividades<\/strong>, se anuncia que a partir de las 12 realizar\u00e1n un baile un grupo de alumnos del CEIA; a las 12:30 comenzar\u00e1 la transmisi\u00f3n en vivo del \u201cEspresso Italiano\u201d con la periodista Cecilia Gotta; a las 14:30 un taller de idiomas y dem\u00e1s sorpresas. Mientras tanto, contin\u00faa el corredor gastron\u00f3mico que se puede visualizar en la p\u00e1gina web <a href=\"http:\/\/www.necochea.tur.ar\"><strong>www.necochea.tur.ar<\/strong><\/a><\/p>\n<p>La Primera Edici\u00f3n de la \u201cSettimana della Cucina Italiana en Necochea\u201d, fue organizada de manera conjunta por la Secretar\u00eda de Turismo, el Vice Consulado Honorario, y representantes de la regiones italianas en nuestra ciudad, adem\u00e1s del programa radial \u201cEspresso Italiano\u201d.<\/p>\n<p><a href=\"https:\/\/primicias2262.com\/noticias\/wp-content\/uploads\/2023\/11\/Semana-de-cocina-italiana-CEIA.png\"><img loading=\"lazy\" decoding=\"async\" class=\"aligncenter size-full wp-image-104711\" src=\"https:\/\/primicias2262.com\/noticias\/wp-content\/uploads\/2023\/11\/Semana-de-cocina-italiana-CEIA.png\" alt=\"\" width=\"720\" height=\"552\" srcset=\"https:\/\/primicias2262.com\/noticias\/wp-content\/uploads\/2023\/11\/Semana-de-cocina-italiana-CEIA.png 720w, https:\/\/primicias2262.com\/noticias\/wp-content\/uploads\/2023\/11\/Semana-de-cocina-italiana-CEIA-300x230.png 300w, https:\/\/primicias2262.com\/noticias\/wp-content\/uploads\/2023\/11\/Semana-de-cocina-italiana-CEIA-150x115.png 150w, https:\/\/primicias2262.com\/noticias\/wp-content\/uploads\/2023\/11\/Semana-de-cocina-italiana-CEIA-696x534.png 696w\" sizes=\"auto, (max-width: 720px) 100vw, 720px\" \/><\/a>Fue inaugurada el pasado domingo 12, en el Complejo Sea Club con una masterclass a cargo del chef italiano Renato Bolsieri de Casa Artusi, que tuvo posterior degustaci\u00f3n para las autoridades presentes y los integrantes de las colectividades italianas.<\/p>\n<p>Vale destacar que es la primera vez que Necochea recibe a la \u201cSettimana della cucina italiana nel mondo\u201d, que se trata a su vez de la 8\u00aa edici\u00f3n a nivel mundial. \u201cLa idea es que quede para los a\u00f1os venideros y sea una marca registrada del municipio\u201d, manifest\u00f3 la Vicec\u00f3nsul Honorario de Italia, Marina V\u00e1zquez Pucillo.<\/p>\n","protected":false},"excerpt":{"rendered":"<p>Ser\u00e1 este s\u00e1bado desde las 11 frente a la Municipalidad, con la presencia de todas las regiones italianas de Necochea ofreciendo sus platos t\u00edpicos. La Secretar\u00eda de Turismo y Desarrollo Productivo informa que este s\u00e1bado 18 de noviembre culmina la \u201cSettimana della cucina italiana\u201d con un evento en Plaza Dardo Rocha que comenzar\u00e1 a las [&hellip;]<\/p>\n","protected":false},"author":3,"featured_media":104712,"comment_status":"open","ping_status":"open","sticky":false,"template":"","format":"standard","meta":{"footnotes":""},"categories":[3],"tags":[],"class_list":["post-104710","post","type-post","status-publish","format-standard","has-post-thumbnail","category-masnoticias"],"_links":{"self":[{"href":"https:\/\/primicias2262.com\/noticias\/wp-json\/wp\/v2\/posts\/104710","targetHints":{"allow":["GET"]}}],"collection":[{"href":"https:\/\/primicias2262.com\/noticias\/wp-json\/wp\/v2\/posts"}],"about":[{"href":"https:\/\/primicias2262.com\/noticias\/wp-json\/wp\/v2\/types\/post"}],"author":[{"embeddable":true,"href":"https:\/\/primicias2262.com\/noticias\/wp-json\/wp\/v2\/users\/3"}],"replies":[{"embeddable":true,"href":"https:\/\/primicias2262.com\/noticias\/wp-json\/wp\/v2\/comments?post=104710"}],"version-history":[{"count":1,"href":"https:\/\/primicias2262.com\/noticias\/wp-json\/wp\/v2\/posts\/104710\/revisions"}],"predecessor-version":[{"id":104713,"href":"https:\/\/primicias2262.com\/noticias\/wp-json\/wp\/v2\/posts\/104710\/revisions\/104713"}],"wp:featuredmedia":[{"embeddable":true,"href":"https:\/\/primicias2262.com\/noticias\/wp-json\/wp\/v2\/media\/104712"}],"wp:attachment":[{"href":"https:\/\/primicias2262.com\/noticias\/wp-json\/wp\/v2\/media?parent=104710"}],"wp:term":[{"taxonomy":"category","embeddable":true,"href":"https:\/\/primicias2262.com\/noticias\/wp-json\/wp\/v2\/categories?post=104710"},{"taxonomy":"post_tag","embeddable":true,"href":"https:\/\/primicias2262.com\/noticias\/wp-json\/wp\/v2\/tags?post=104710"}],"curies":[{"name":"wp","href":"https:\/\/api.w.org\/{rel}","templated":true}]}}