{"id":104714,"date":"2023-11-17T17:03:17","date_gmt":"2023-11-17T17:03:17","guid":{"rendered":"https:\/\/primicias2262.com\/noticias\/?p=104714"},"modified":"2023-11-20T01:51:00","modified_gmt":"2023-11-20T01:51:00","slug":"revelan-los-indices-de-la-canasta-basica-de-alimentos-en-necochea-con-fuertes-subas","status":"publish","type":"post","link":"https:\/\/primicias2262.com\/noticias\/revelan-los-indices-de-la-canasta-basica-de-alimentos-en-necochea-con-fuertes-subas\/","title":{"rendered":"Revelan los \u00edndices de la Canasta B\u00e1sica de Alimentos en Necochea con fuertes subas"},"content":{"rendered":"<p><strong>En comunicaci\u00f3n telef\u00f3nica con el periodista Jorge G\u00f3mez en \u201cVoces de la Ciudad\u201d, Javier Collia de la Consultora Bicentenario se refiri\u00f3 al relevamiento m\u00e1s reciente que realizaron sobre el pasado mes de octubre con la CBA en Necochea en comparaci\u00f3n con septiembre.<\/strong><\/p>\n<p>Explic\u00f3 inicialmente que \u201cseguimos la metodolog\u00eda que utiliza el INDEC: lo que nosotros hacemos es medir la Canasta B\u00e1sica de Alimentos que est\u00e1 compuesta por 59 art\u00edculos y en esta oportunidad nos dio una variaci\u00f3n del 7,57% respecto a septiembre\u201d.<\/p>\n<p>Adem\u00e1s, \u201cestas mediciones tambi\u00e9n nos permiten poder determinar cu\u00e1nto es lo que necesitan las distintas familias para no ser consideradas indigentes, y en t\u00e9rminos de ingresos lo que se considera dentro del umbral de la pobreza\u201d.<\/p>\n<p>Fue en ese sentido donde aparecieron cifras que llaman la atenci\u00f3n. \u201cPor ejemplo, una familia tipo, compuesta por cuatro personas, dos adultos y dos menores de 10 y 6 a\u00f1os, necesita para no ser indigente tener ingresos por 165.629 pesos, y esa familia para no ser considerada pobre necesita tener ingresos hasta 329.600 pesos\u201d, revel\u00f3.<\/p>\n<p>Mientras tanto, la variaci\u00f3n dio un aumento bastante similar desde el comienzo del a\u00f1o como interanual. \u201cDesde enero nos da 141% y la interanual desde noviembre de 2022 a octubre de este a\u00f1o nos da un 151%\u201d, inform\u00f3, aclarando que \u201cen octubre hubo un aumento importante de casi 30% de la carne, pero despu\u00e9s no hubo tantos incrementos\u201d.<\/p>\n<p>Finalmente, se\u00f1al\u00f3 Collia que \u201cla gente de menos recursos es la que m\u00e1s siente la inflaci\u00f3n, porque destinan casi un 85% de sus recursos a la alimentaci\u00f3n, y siempre los alimentos aumentan un porcentaje por encima del promedio que ser\u00eda la inflaci\u00f3n, porque la medici\u00f3n de inflaci\u00f3n est\u00e1 compuesta por 12 \u00edtems y uno de esos \u00edtems son los alimentos, que est\u00e1n un poco por encima de la medici\u00f3n de inflaci\u00f3n\u201d.<\/p>\n","protected":false},"excerpt":{"rendered":"<p>En comunicaci\u00f3n telef\u00f3nica con el periodista Jorge G\u00f3mez en \u201cVoces de la Ciudad\u201d, Javier Collia de la Consultora Bicentenario se refiri\u00f3 al relevamiento m\u00e1s reciente que realizaron sobre el pasado mes de octubre con la CBA en Necochea en comparaci\u00f3n con septiembre. Explic\u00f3 inicialmente que \u201cseguimos la metodolog\u00eda que utiliza el INDEC: lo que nosotros [&hellip;]<\/p>\n","protected":false},"author":3,"featured_media":102916,"comment_status":"open","ping_status":"open","sticky":false,"template":"","format":"standard","meta":{"footnotes":""},"categories":[3],"tags":[],"class_list":["post-104714","post","type-post","status-publish","format-standard","has-post-thumbnail","category-masnoticias"],"_links":{"self":[{"href":"https:\/\/primicias2262.com\/noticias\/wp-json\/wp\/v2\/posts\/104714","targetHints":{"allow":["GET"]}}],"collection":[{"href":"https:\/\/primicias2262.com\/noticias\/wp-json\/wp\/v2\/posts"}],"about":[{"href":"https:\/\/primicias2262.com\/noticias\/wp-json\/wp\/v2\/types\/post"}],"author":[{"embeddable":true,"href":"https:\/\/primicias2262.com\/noticias\/wp-json\/wp\/v2\/users\/3"}],"replies":[{"embeddable":true,"href":"https:\/\/primicias2262.com\/noticias\/wp-json\/wp\/v2\/comments?post=104714"}],"version-history":[{"count":1,"href":"https:\/\/primicias2262.com\/noticias\/wp-json\/wp\/v2\/posts\/104714\/revisions"}],"predecessor-version":[{"id":104715,"href":"https:\/\/primicias2262.com\/noticias\/wp-json\/wp\/v2\/posts\/104714\/revisions\/104715"}],"wp:featuredmedia":[{"embeddable":true,"href":"https:\/\/primicias2262.com\/noticias\/wp-json\/wp\/v2\/media\/102916"}],"wp:attachment":[{"href":"https:\/\/primicias2262.com\/noticias\/wp-json\/wp\/v2\/media?parent=104714"}],"wp:term":[{"taxonomy":"category","embeddable":true,"href":"https:\/\/primicias2262.com\/noticias\/wp-json\/wp\/v2\/categories?post=104714"},{"taxonomy":"post_tag","embeddable":true,"href":"https:\/\/primicias2262.com\/noticias\/wp-json\/wp\/v2\/tags?post=104714"}],"curies":[{"name":"wp","href":"https:\/\/api.w.org\/{rel}","templated":true}]}}