{"id":104720,"date":"2023-11-18T14:15:37","date_gmt":"2023-11-18T14:15:37","guid":{"rendered":"https:\/\/primicias2262.com\/noticias\/?p=104720"},"modified":"2023-11-20T01:55:29","modified_gmt":"2023-11-20T01:55:29","slug":"parte-de-la-politica-de-arturo-es-ir-recuperando-diferentes-espacios-en-la-ciudad","status":"publish","type":"post","link":"https:\/\/primicias2262.com\/noticias\/parte-de-la-politica-de-arturo-es-ir-recuperando-diferentes-espacios-en-la-ciudad\/","title":{"rendered":"\u201cParte de la pol\u00edtica de Arturo es ir recuperando diferentes espacios en la ciudad\u201d"},"content":{"rendered":"<p><strong>As\u00ed lo destac\u00f3 en referencia al intendente Rojas, el subsecretario de Obras P\u00fablicas, Lisandro Dones, en el marco de la construcci\u00f3n de estaciones para el V\u00eda Crucis ribere\u00f1o, un lugar que hace al turismo religioso.<\/strong><\/p>\n<p>En \u201cVoces de la Ciudad\u201d, el funcionari\u00f3 habl\u00f3 en nota con el periodista Jorge G\u00f3mez y acerca del V\u00eda Crucis Ribere\u00f1o, con estaciones cristianas desde el Puente Taraborelli hasta Las Cascadas, manifest\u00f3 que \u201ces una obra m\u00e1s de las tantas que hemos acompa\u00f1ado en lo que refiere a los espacios p\u00fablicos y los lugares de encuentro. En este caso es una obra tur\u00edstica en el paseo ribere\u00f1o y religiosa a la vez, sobre un recorrido de diez kil\u00f3metros que contempla 14 estaciones del V\u00eda Crucis\u201d.<\/p>\n<p>Revel\u00f3 al respecto que \u201cya ten\u00edamos cinco construidas y terminadas, ahora encaramos cuatro m\u00e1s y en una tercera etapa aspiramos a poder terminar el proyecto, el cual naci\u00f3 en 2005 con los Amigos de las Cascadas, a partir de lo cual algo pudieron avanzar y en 2018 lo retomaron con el apoyo del Obispado de Mar del Plata\u201d.<\/p>\n<p>En cuanto al respaldo municipal, Dones cont\u00f3 que \u201cnosotros empezamos d\u00e1ndoles una mano con la limpieza del lugar, puesta en valor de los paseos porque hab\u00eda pastizales que tapaban la visual al r\u00edo, y fuimos reacondicionando el camino y entoscamos el recorrido, hicimos el cuidado de los espacios verdes y entre lunes y martes estamos arrancando con esta etapa de construcci\u00f3n de las estaciones n\u00fameros 5, 6, 8 y 9, con una inversi\u00f3n de tres millones de pesos\u201d.<\/p>\n<p><a href=\"https:\/\/primicias2262.com\/noticias\/wp-content\/uploads\/2023\/11\/FOTO-Lisandro-Dones.jpeg\"><img loading=\"lazy\" decoding=\"async\" class=\"aligncenter size-full wp-image-104479\" src=\"https:\/\/primicias2262.com\/noticias\/wp-content\/uploads\/2023\/11\/FOTO-Lisandro-Dones.jpeg\" alt=\"\" width=\"1280\" height=\"853\" srcset=\"https:\/\/primicias2262.com\/noticias\/wp-content\/uploads\/2023\/11\/FOTO-Lisandro-Dones.jpeg 1280w, https:\/\/primicias2262.com\/noticias\/wp-content\/uploads\/2023\/11\/FOTO-Lisandro-Dones-300x200.jpeg 300w, https:\/\/primicias2262.com\/noticias\/wp-content\/uploads\/2023\/11\/FOTO-Lisandro-Dones-1024x682.jpeg 1024w, https:\/\/primicias2262.com\/noticias\/wp-content\/uploads\/2023\/11\/FOTO-Lisandro-Dones-768x512.jpeg 768w, https:\/\/primicias2262.com\/noticias\/wp-content\/uploads\/2023\/11\/FOTO-Lisandro-Dones-150x100.jpeg 150w, https:\/\/primicias2262.com\/noticias\/wp-content\/uploads\/2023\/11\/FOTO-Lisandro-Dones-696x464.jpeg 696w, https:\/\/primicias2262.com\/noticias\/wp-content\/uploads\/2023\/11\/FOTO-Lisandro-Dones-1068x712.jpeg 1068w\" sizes=\"auto, (max-width: 1280px) 100vw, 1280px\" \/><\/a><strong>Lisandro Dones<\/strong><\/p>\n<p>\u201cA partir de esto quedar\u00e1n otras cinco estaciones que son las que completar\u00e1n el V\u00eda Crucis que se hace todos los a\u00f1os y que congrega a tanta gente\u201d, destac\u00f3 el subsecretario, para agregar que \u201cimpulsamos desde el municipio el desarrollo de los espacios y del encuentro, ya lo hicimos hace poco con el espacio cristiano de 58 y 69, que qued\u00f3 muy hermoso\u201d.<\/p>\n<p>Incluso, asegur\u00f3 que \u201calgunos monumentos y espacios de la ciudad estaban abandonados desde hace muchos a\u00f1os, y esta semana terminamos por ejemplo la reparaci\u00f3n y puesta en valor de los p\u00f3rticos de acceso al Museo Hist\u00f3rico Regional, los que est\u00e1n sobre Av. 10 y los que est\u00e1n adentro, que tienen m\u00e1s de 40 a\u00f1os y se encontraban muy deteriorados. El material se desprend\u00eda y era un riesgo para la gente, as\u00ed que repar\u00f3, se reacondicion\u00f3 y se pint\u00f3\u201d.<\/p>\n<p>\u201cEs parte de la pol\u00edtica de Arturo ir recuperando los espacios que tenemos en diferentes lugares de la ciudad y que tienen que ver con la religi\u00f3n, los cultos y la cultura en general, y que son de encuentro para nuestra comunidad\u201d, concluy\u00f3 Dones.<\/p>\n","protected":false},"excerpt":{"rendered":"<p>As\u00ed lo destac\u00f3 en referencia al intendente Rojas, el subsecretario de Obras P\u00fablicas, Lisandro Dones, en el marco de la construcci\u00f3n de estaciones para el V\u00eda Crucis ribere\u00f1o, un lugar que hace al turismo religioso. En \u201cVoces de la Ciudad\u201d, el funcionari\u00f3 habl\u00f3 en nota con el periodista Jorge G\u00f3mez y acerca del V\u00eda Crucis [&hellip;]<\/p>\n","protected":false},"author":3,"featured_media":104721,"comment_status":"open","ping_status":"open","sticky":false,"template":"","format":"standard","meta":{"footnotes":""},"categories":[3],"tags":[],"class_list":["post-104720","post","type-post","status-publish","format-standard","has-post-thumbnail","category-masnoticias"],"_links":{"self":[{"href":"https:\/\/primicias2262.com\/noticias\/wp-json\/wp\/v2\/posts\/104720","targetHints":{"allow":["GET"]}}],"collection":[{"href":"https:\/\/primicias2262.com\/noticias\/wp-json\/wp\/v2\/posts"}],"about":[{"href":"https:\/\/primicias2262.com\/noticias\/wp-json\/wp\/v2\/types\/post"}],"author":[{"embeddable":true,"href":"https:\/\/primicias2262.com\/noticias\/wp-json\/wp\/v2\/users\/3"}],"replies":[{"embeddable":true,"href":"https:\/\/primicias2262.com\/noticias\/wp-json\/wp\/v2\/comments?post=104720"}],"version-history":[{"count":1,"href":"https:\/\/primicias2262.com\/noticias\/wp-json\/wp\/v2\/posts\/104720\/revisions"}],"predecessor-version":[{"id":104722,"href":"https:\/\/primicias2262.com\/noticias\/wp-json\/wp\/v2\/posts\/104720\/revisions\/104722"}],"wp:featuredmedia":[{"embeddable":true,"href":"https:\/\/primicias2262.com\/noticias\/wp-json\/wp\/v2\/media\/104721"}],"wp:attachment":[{"href":"https:\/\/primicias2262.com\/noticias\/wp-json\/wp\/v2\/media?parent=104720"}],"wp:term":[{"taxonomy":"category","embeddable":true,"href":"https:\/\/primicias2262.com\/noticias\/wp-json\/wp\/v2\/categories?post=104720"},{"taxonomy":"post_tag","embeddable":true,"href":"https:\/\/primicias2262.com\/noticias\/wp-json\/wp\/v2\/tags?post=104720"}],"curies":[{"name":"wp","href":"https:\/\/api.w.org\/{rel}","templated":true}]}}