{"id":104742,"date":"2023-11-20T01:54:13","date_gmt":"2023-11-20T01:54:13","guid":{"rendered":"https:\/\/primicias2262.com\/noticias\/?p=104742"},"modified":"2023-11-20T22:15:54","modified_gmt":"2023-11-20T22:15:54","slug":"massa-felicito-a-milei-y-dijo-que-el-presidente-electo-debe-dar-certezas-en-la-transicion","status":"publish","type":"post","link":"https:\/\/primicias2262.com\/noticias\/massa-felicito-a-milei-y-dijo-que-el-presidente-electo-debe-dar-certezas-en-la-transicion\/","title":{"rendered":"Massa felicit\u00f3 a Milei y dijo que el presidente electo debe \u00abdar certezas\u00bb en la transici\u00f3n"},"content":{"rendered":"<p>El candidato de Uni\u00f3n por la Patria (UxP), Sergio Massa, garantiz\u00f3 que el Gobierno actuar\u00e1 con \u00abresponsabilidad\u00bb del Gobierno para desde el lunes iniciar \u00abmecanismos de enlace y transici\u00f3n\u00bb hasta el recambio del 10 de diciembre y resalt\u00f3 que \u00abla tarea de dar certezas y transmitir garant\u00edas\u00bb durante la transici\u00f3n ser\u00e1 \u00abresponsabilidad del presidente electo\u00bb Javier Milei, a quien felicit\u00f3 por su victoria.<\/p>\n<p>Massa reconoci\u00f3 la derrota acompa\u00f1ado por su familia y flanqueado por el cosecretario general de la CGT, H\u00e9ctor Daer, y el gobernador bonaerense, Axel Kicillof, quienes lo aplaudieron mucho cuando asegur\u00f3 que\u00a0<strong>\u00ablo m\u00e1s importante\u00bb tras la resoluci\u00f3n del balotaje era dar a los argentinos un \u00abmensaje de convivencia, di\u00e1logo y respeto por la paz\u00bb<\/strong>.<\/p>\n<p>En ese momento, todav\u00eda no se hab\u00edan dado a conocer los resultados del escrutinio provisorio que, luego, con el 99,12% de las mesas escrutadas, consagraron ganador del balotaje al candidato de La Libertad Avanza, Javier Milei, con el 55,70% de los votos, frente al 44,29% cosechado por Uni\u00f3n por la Patria.<\/p>\n<p><strong>\u00abTrat\u00e9 de dejar lo mejor de m\u00ed en esta campa\u00f1a, convencido\u00bb<\/strong>, subray\u00f3 el ministro de Econom\u00eda en el discurso que pronunci\u00f3 en el b\u00fanker de UxP en el barrio porte\u00f1o de Chacarita, donde los presentes le reconocieron su entrega.<\/p>\n<p>\u00abAmo profundamente a la Argentina, casi de la misma manera con la que amo a mis hijos\u00bb, asever\u00f3.<\/p>\n","protected":false},"excerpt":{"rendered":"<p>El candidato de Uni\u00f3n por la Patria (UxP), Sergio Massa, garantiz\u00f3 que el Gobierno actuar\u00e1 con \u00abresponsabilidad\u00bb del Gobierno para desde el lunes iniciar \u00abmecanismos de enlace y transici\u00f3n\u00bb hasta el recambio del 10 de diciembre y resalt\u00f3 que \u00abla tarea de dar certezas y transmitir garant\u00edas\u00bb durante la transici\u00f3n ser\u00e1 \u00abresponsabilidad del presidente electo\u00bb [&hellip;]<\/p>\n","protected":false},"author":3,"featured_media":104743,"comment_status":"open","ping_status":"open","sticky":false,"template":"","format":"standard","meta":{"footnotes":""},"categories":[3],"tags":[],"class_list":["post-104742","post","type-post","status-publish","format-standard","has-post-thumbnail","category-masnoticias"],"_links":{"self":[{"href":"https:\/\/primicias2262.com\/noticias\/wp-json\/wp\/v2\/posts\/104742","targetHints":{"allow":["GET"]}}],"collection":[{"href":"https:\/\/primicias2262.com\/noticias\/wp-json\/wp\/v2\/posts"}],"about":[{"href":"https:\/\/primicias2262.com\/noticias\/wp-json\/wp\/v2\/types\/post"}],"author":[{"embeddable":true,"href":"https:\/\/primicias2262.com\/noticias\/wp-json\/wp\/v2\/users\/3"}],"replies":[{"embeddable":true,"href":"https:\/\/primicias2262.com\/noticias\/wp-json\/wp\/v2\/comments?post=104742"}],"version-history":[{"count":1,"href":"https:\/\/primicias2262.com\/noticias\/wp-json\/wp\/v2\/posts\/104742\/revisions"}],"predecessor-version":[{"id":104744,"href":"https:\/\/primicias2262.com\/noticias\/wp-json\/wp\/v2\/posts\/104742\/revisions\/104744"}],"wp:featuredmedia":[{"embeddable":true,"href":"https:\/\/primicias2262.com\/noticias\/wp-json\/wp\/v2\/media\/104743"}],"wp:attachment":[{"href":"https:\/\/primicias2262.com\/noticias\/wp-json\/wp\/v2\/media?parent=104742"}],"wp:term":[{"taxonomy":"category","embeddable":true,"href":"https:\/\/primicias2262.com\/noticias\/wp-json\/wp\/v2\/categories?post=104742"},{"taxonomy":"post_tag","embeddable":true,"href":"https:\/\/primicias2262.com\/noticias\/wp-json\/wp\/v2\/tags?post=104742"}],"curies":[{"name":"wp","href":"https:\/\/api.w.org\/{rel}","templated":true}]}}