{"id":104745,"date":"2023-11-20T01:58:57","date_gmt":"2023-11-20T01:58:57","guid":{"rendered":"https:\/\/primicias2262.com\/noticias\/?p=104745"},"modified":"2023-11-20T22:24:48","modified_gmt":"2023-11-20T22:24:48","slug":"fernandez-garantizo-que-desde-el-lunes-trabajara-con-milei-para-una-transicion-ordenada","status":"publish","type":"post","link":"https:\/\/primicias2262.com\/noticias\/fernandez-garantizo-que-desde-el-lunes-trabajara-con-milei-para-una-transicion-ordenada\/","title":{"rendered":"Fern\u00e1ndez garantiz\u00f3 que desde el lunes trabajar\u00e1 con Milei para una \u00abtransici\u00f3n ordenada\u00bb"},"content":{"rendered":"<p>El presidente Alberto Fern\u00e1ndez sostuvo este domingo que \u00abel pueblo ha expresado su voluntad\u00bb al darle la victoria a Javier Milei y se\u00f1al\u00f3 que \u00abconf\u00eda\u00bb en que \u00abma\u00f1ana mismo\u00bb podr\u00e1 empezar a trabajar en la transici\u00f3n con el mandatario electo de La Libertad Avanza (LLA).<\/p>\n<p>Tambi\u00e9n agradeci\u00f3 a Sergio Massa y Agust\u00edn Rossi, que integraron la f\u00f3rmula oficialista, por la campa\u00f1a y el trabajo \u00abrealizado\u00bb y agreg\u00f3:\u00a0<strong>\u00abJunto con la enorme fuerza de la militancia, su gran capacidad y amor por la patria han hecho que gran parte del pa\u00eds los haya acompa\u00f1ado<\/strong>\u00ab.<\/p>\n<p><strong>\u00abEl pueblo ha expresado su voluntad. Millones de argentinas y argentinos concurrieron a votar y definieron el destino de la patria por los pr\u00f3ximos 4 a\u00f1os\u00bb,<\/strong>\u00a0sostuvo el Presidente en sus redes sociales, y a\u00f1adi\u00f3: \u00abSoy un hombre de la democracia, y nada valoro m\u00e1s que el veredicto popular. Conf\u00edo en que ma\u00f1ana mismo podamos empezar a trabajar con Milei para garantizar una transici\u00f3n ordenada\u00bb.<\/p>\n<p>Adem\u00e1s, se\u00f1al\u00f3 que, por su parte, seguir\u00e1 \u00abtrabajando para fortalecer la democracia y las instituciones de la rep\u00fablica, en unidad con todos los sectores que integran el movimiento nacional que siempre luchar\u00e1 por una patria justa, libre y soberana\u00bb.<\/p>\n<p>&nbsp;<\/p>\n","protected":false},"excerpt":{"rendered":"<p>El presidente Alberto Fern\u00e1ndez sostuvo este domingo que \u00abel pueblo ha expresado su voluntad\u00bb al darle la victoria a Javier Milei y se\u00f1al\u00f3 que \u00abconf\u00eda\u00bb en que \u00abma\u00f1ana mismo\u00bb podr\u00e1 empezar a trabajar en la transici\u00f3n con el mandatario electo de La Libertad Avanza (LLA). Tambi\u00e9n agradeci\u00f3 a Sergio Massa y Agust\u00edn Rossi, que integraron [&hellip;]<\/p>\n","protected":false},"author":3,"featured_media":104746,"comment_status":"open","ping_status":"open","sticky":false,"template":"","format":"standard","meta":{"footnotes":""},"categories":[3],"tags":[],"class_list":["post-104745","post","type-post","status-publish","format-standard","has-post-thumbnail","category-masnoticias"],"_links":{"self":[{"href":"https:\/\/primicias2262.com\/noticias\/wp-json\/wp\/v2\/posts\/104745","targetHints":{"allow":["GET"]}}],"collection":[{"href":"https:\/\/primicias2262.com\/noticias\/wp-json\/wp\/v2\/posts"}],"about":[{"href":"https:\/\/primicias2262.com\/noticias\/wp-json\/wp\/v2\/types\/post"}],"author":[{"embeddable":true,"href":"https:\/\/primicias2262.com\/noticias\/wp-json\/wp\/v2\/users\/3"}],"replies":[{"embeddable":true,"href":"https:\/\/primicias2262.com\/noticias\/wp-json\/wp\/v2\/comments?post=104745"}],"version-history":[{"count":1,"href":"https:\/\/primicias2262.com\/noticias\/wp-json\/wp\/v2\/posts\/104745\/revisions"}],"predecessor-version":[{"id":104747,"href":"https:\/\/primicias2262.com\/noticias\/wp-json\/wp\/v2\/posts\/104745\/revisions\/104747"}],"wp:featuredmedia":[{"embeddable":true,"href":"https:\/\/primicias2262.com\/noticias\/wp-json\/wp\/v2\/media\/104746"}],"wp:attachment":[{"href":"https:\/\/primicias2262.com\/noticias\/wp-json\/wp\/v2\/media?parent=104745"}],"wp:term":[{"taxonomy":"category","embeddable":true,"href":"https:\/\/primicias2262.com\/noticias\/wp-json\/wp\/v2\/categories?post=104745"},{"taxonomy":"post_tag","embeddable":true,"href":"https:\/\/primicias2262.com\/noticias\/wp-json\/wp\/v2\/tags?post=104745"}],"curies":[{"name":"wp","href":"https:\/\/api.w.org\/{rel}","templated":true}]}}