{"id":104748,"date":"2023-11-20T02:03:59","date_gmt":"2023-11-20T02:03:59","guid":{"rendered":"https:\/\/primicias2262.com\/noticias\/?p=104748"},"modified":"2023-11-20T22:20:13","modified_gmt":"2023-11-20T22:20:13","slug":"bullrich-califico-de-contundente-el-triunfo-de-milei-comienza-una-nueva-argentina","status":"publish","type":"post","link":"https:\/\/primicias2262.com\/noticias\/bullrich-califico-de-contundente-el-triunfo-de-milei-comienza-una-nueva-argentina\/","title":{"rendered":"Bullrich calific\u00f3 de \u00abcontundente\u00bb el triunfo de Milei: \u00abComienza una nueva Argentina\u00bb"},"content":{"rendered":"<p>La titular del PRO y excandidata presidencial de Juntos por el Cambio (JxC),\u00a0<strong>Patricia Bullrich<\/strong>, felicit\u00f3 este domingo \u00abde coraz\u00f3n\u00bb al postulante de La Libertad Avanza (LLA), Javier Milei, por el \u00abcontundente e hist\u00f3rico triunfo\u00bb frente al candidato de Uni\u00f3n por la Patria (UxP), Sergio Massa, y augur\u00f3 que \u00abcomienza una nueva Argentina\u00bb.<\/p>\n<p>\u00abFelicitaciones Javier Milei por tu contundente e hist\u00f3rico triunfo. Este domingo gan\u00f3 el cambio profundo por el que venimos trabajando hace a\u00f1os\u00bb, escribi\u00f3 Bullrich en su cuenta de X, minutos despu\u00e9s de conocerse los resultados.<\/p>\n<div class=\"col-md-8\">\n<div class=\"row \">\n<div class=\"content_section wrapper-sections py-3\">\n<article class=\"note-content\">\n<div class=\"wrapper-editable-content\">\n<div>\n<div class=\"wrapper-editable-content\">\n<div>\n<div class=\"container-md\">\n<div class=\"row\">\n<div class=\"col-md-12 speak\">\n<div class=\"paragraph\">\n<p>Milei se impon\u00eda con m\u00e1s del 55% por ciento de los votos sobre Massa, con el 91,81 por ciento de las mesas escrutadas, de acuerdo con c\u00f3mputos del conteo provisorio.<\/p>\n<p>\u00abSomos millones de argentinos dispuestos a defender la libertad y el progreso por el que tanto estamos luchando, que has sabido representar con ideas claras. Te felicito de coraz\u00f3n.\u00a0<strong>Comienza una nueva Argentina<\/strong>. \u00a1Viva la patria!\u00bb, agreg\u00f3.<\/p>\n<p>Tras haber obtenido el tercer puesto en las elecciones generales, Bullrich junto al exmandatario Mauricio Macri y un sector duro del PRO, realizaron una alianza \u00abincondicional\u00bb con Milei rumbo al balotaje.<\/p>\n<\/div>\n<\/div>\n<\/div>\n<\/div>\n<\/div>\n<\/div>\n<\/div>\n<\/div>\n<\/article>\n<\/div>\n<\/div>\n<\/div>\n<div class=\"col-md-4\">\n<div class=\"row\">\n<div class=\"t-blk html col-md-12 pl-3 pr-3\">\n<div class=\"content\">\n<div class=\"d-flex justify-content-center\"><\/div>\n<\/div>\n<\/div>\n<\/div>\n<\/div>\n","protected":false},"excerpt":{"rendered":"<p>La titular del PRO y excandidata presidencial de Juntos por el Cambio (JxC),\u00a0Patricia Bullrich, felicit\u00f3 este domingo \u00abde coraz\u00f3n\u00bb al postulante de La Libertad Avanza (LLA), Javier Milei, por el \u00abcontundente e hist\u00f3rico triunfo\u00bb frente al candidato de Uni\u00f3n por la Patria (UxP), Sergio Massa, y augur\u00f3 que \u00abcomienza una nueva Argentina\u00bb. \u00abFelicitaciones Javier Milei [&hellip;]<\/p>\n","protected":false},"author":3,"featured_media":104749,"comment_status":"open","ping_status":"open","sticky":false,"template":"","format":"standard","meta":{"footnotes":""},"categories":[3],"tags":[],"class_list":["post-104748","post","type-post","status-publish","format-standard","has-post-thumbnail","category-masnoticias"],"_links":{"self":[{"href":"https:\/\/primicias2262.com\/noticias\/wp-json\/wp\/v2\/posts\/104748","targetHints":{"allow":["GET"]}}],"collection":[{"href":"https:\/\/primicias2262.com\/noticias\/wp-json\/wp\/v2\/posts"}],"about":[{"href":"https:\/\/primicias2262.com\/noticias\/wp-json\/wp\/v2\/types\/post"}],"author":[{"embeddable":true,"href":"https:\/\/primicias2262.com\/noticias\/wp-json\/wp\/v2\/users\/3"}],"replies":[{"embeddable":true,"href":"https:\/\/primicias2262.com\/noticias\/wp-json\/wp\/v2\/comments?post=104748"}],"version-history":[{"count":2,"href":"https:\/\/primicias2262.com\/noticias\/wp-json\/wp\/v2\/posts\/104748\/revisions"}],"predecessor-version":[{"id":104757,"href":"https:\/\/primicias2262.com\/noticias\/wp-json\/wp\/v2\/posts\/104748\/revisions\/104757"}],"wp:featuredmedia":[{"embeddable":true,"href":"https:\/\/primicias2262.com\/noticias\/wp-json\/wp\/v2\/media\/104749"}],"wp:attachment":[{"href":"https:\/\/primicias2262.com\/noticias\/wp-json\/wp\/v2\/media?parent=104748"}],"wp:term":[{"taxonomy":"category","embeddable":true,"href":"https:\/\/primicias2262.com\/noticias\/wp-json\/wp\/v2\/categories?post=104748"},{"taxonomy":"post_tag","embeddable":true,"href":"https:\/\/primicias2262.com\/noticias\/wp-json\/wp\/v2\/tags?post=104748"}],"curies":[{"name":"wp","href":"https:\/\/api.w.org\/{rel}","templated":true}]}}