{"id":104754,"date":"2023-11-20T22:19:21","date_gmt":"2023-11-20T22:19:21","guid":{"rendered":"https:\/\/primicias2262.com\/noticias\/?p=104754"},"modified":"2023-11-21T18:22:22","modified_gmt":"2023-11-21T18:22:22","slug":"se-entregaron-diplomas-del-programa-emprender-y-cinco-proyectos-fueron-subsidiados-con-140-mil","status":"publish","type":"post","link":"https:\/\/primicias2262.com\/noticias\/se-entregaron-diplomas-del-programa-emprender-y-cinco-proyectos-fueron-subsidiados-con-140-mil\/","title":{"rendered":"Se entregaron diplomas del Programa Emprender y cinco proyectos fueron subsidiados con $140 mil"},"content":{"rendered":"<p>Al final de otro exitoso a\u00f1o de articulaci\u00f3n con el ecosistema emprendedor del distrito Necochea, a lo largo del cual se pudo brindar asistencia, capacitaci\u00f3n y apoyo econ\u00f3mico a decenas de protagonistas del sector, la Secretar\u00eda de Producci\u00f3n y Desarrollo Productivo municipal organiz\u00f3 un acto para entregar diplomas a los participantes de la segunda edici\u00f3n anual del Programa Emprender y subsidios de 140 mil pesos a cinco de esos proyectos locales.<\/p>\n<p>En cuanto a las certificaciones, se otorgaron a una veintena de egresados del ciclo de formaci\u00f3n que es financiado por el Estado comunal y brinda m\u00e1s de 30 horas de formaci\u00f3n intensiva en un recorrido de un mes y medio de cursada, con doce clases a cargo de profesionales de las \u00e1reas contable, de marketing y de dise\u00f1o gr\u00e1fico.<\/p>\n<p>El evento estuvo encabezado por el titular del \u00e1rea, Mat\u00edas Sierra, y por la directora de Emprendimientos y Pymes, Antonela Giglio, quienes distinguieron a Olga Amezcua, dedicada al dise\u00f1o y confecci\u00f3n de guardapolvos y uniformes comerciales con su marca Eclipse; Brian Bonzon, cuyo proyecto est\u00e1 vinculado a la creaci\u00f3n de una barber\u00eda itinerante; Adri\u00e1n Carlis y sus dise\u00f1os 3D, conocidos con la denominaci\u00f3n ImprimAr3D; Anah\u00ed Christiansen, una talentosa artista que busca plasmar su arte en lienzos y a trav\u00e9s del maquillaje; y a Camila David y sus tejidos Mil Noche, especializado en la confecci\u00f3n de amigurumis.<\/p>\n<p>Los funcionarios tambi\u00e9n diplomaron a Gisele D\u00edaz Gavil\u00e1n y su emprendimiento Mi mam\u00e1 me mima, que produce complementos y accesorios para beb\u00e9s; Andrea Fortunato y Mario Rodr\u00edguez, los fundadores de RCP Necochea, un proyecto con una misi\u00f3n muy noble, adem\u00e1s de sus objetivos comerciales; Ariel Franco y Recimetal, una f\u00e1brica familiar de dise\u00f1o y fabricaci\u00f3n de mobiliario tipo industrial que se apoya en el reciclado \u00a0de materiales; y Diana Garc\u00e9s, una profesional dedicada a la asesor\u00eda de imagen, la creaci\u00f3n de layouts o vestuarios personales y empresariales.<\/p>\n<p>En la continuidad del acto, tambi\u00e9n fueron distinguidos con su certificado del Programa Emprender Mart\u00edn Garc\u00eda y su proyecto centrado en la panificaci\u00f3n artesanal sin conservantes, Deleitaos; Oscar Manr\u00edquez Guzm\u00e1n, dedicado al software y con la idea de crear una app que re\u00fana las actividades que se realizan en nuestra ciudad; Laura Mart\u00ednez y Martila, una empresa dedicada al dise\u00f1o y confecci\u00f3n de marroquiner\u00eda; la fot\u00f3grafa Micaela M\u00e9ndez, apasionada con la pasteler\u00eda y la cocteler\u00eda, a las que uni\u00f3 en Melkita; e Ignacio Oliver, dedicado a la producci\u00f3n de huevos de gallinas libre de jaula en un negocio que denomin\u00f3 Hola Poo.<\/p>\n<p>Finalmente, recibieron su diploma Nadia Ortiz Birg\u00e9 y su Cocolima, emprendimiento textil que fabrica productos utilitarios de uso cotidiano; Andrea Posada con Decosense y la producci\u00f3n de objetos decorativos y utilitarios con t\u00e9cnica mix media y alambrismo; Yanina Rodr\u00edguez y una chocolater\u00eda fina, con productos de alta calidad, llamada Punto Templado; Marga Rodr\u00edguez de Hern\u00e1ndez, con su emprendimiento familiar Mitra, que consiste en la elaboraci\u00f3n de vino de ciruelas org\u00e1nico con una receta que la acompa\u00f1a a trav\u00e9s de las generaciones; y Sabrina Trippe de Las Marmelitas, proyecto con el que se dedica al dise\u00f1o y confecci\u00f3n de lencer\u00eda y corseter\u00eda pensada para gran variedad de cuerpos.<\/p>\n","protected":false},"excerpt":{"rendered":"<p>Al final de otro exitoso a\u00f1o de articulaci\u00f3n con el ecosistema emprendedor del distrito Necochea, a lo largo del cual se pudo brindar asistencia, capacitaci\u00f3n y apoyo econ\u00f3mico a decenas de protagonistas del sector, la Secretar\u00eda de Producci\u00f3n y Desarrollo Productivo municipal organiz\u00f3 un acto para entregar diplomas a los participantes de la segunda edici\u00f3n [&hellip;]<\/p>\n","protected":false},"author":3,"featured_media":104755,"comment_status":"open","ping_status":"open","sticky":false,"template":"","format":"standard","meta":{"footnotes":""},"categories":[3],"tags":[],"class_list":["post-104754","post","type-post","status-publish","format-standard","has-post-thumbnail","category-masnoticias"],"_links":{"self":[{"href":"https:\/\/primicias2262.com\/noticias\/wp-json\/wp\/v2\/posts\/104754","targetHints":{"allow":["GET"]}}],"collection":[{"href":"https:\/\/primicias2262.com\/noticias\/wp-json\/wp\/v2\/posts"}],"about":[{"href":"https:\/\/primicias2262.com\/noticias\/wp-json\/wp\/v2\/types\/post"}],"author":[{"embeddable":true,"href":"https:\/\/primicias2262.com\/noticias\/wp-json\/wp\/v2\/users\/3"}],"replies":[{"embeddable":true,"href":"https:\/\/primicias2262.com\/noticias\/wp-json\/wp\/v2\/comments?post=104754"}],"version-history":[{"count":2,"href":"https:\/\/primicias2262.com\/noticias\/wp-json\/wp\/v2\/posts\/104754\/revisions"}],"predecessor-version":[{"id":104785,"href":"https:\/\/primicias2262.com\/noticias\/wp-json\/wp\/v2\/posts\/104754\/revisions\/104785"}],"wp:featuredmedia":[{"embeddable":true,"href":"https:\/\/primicias2262.com\/noticias\/wp-json\/wp\/v2\/media\/104755"}],"wp:attachment":[{"href":"https:\/\/primicias2262.com\/noticias\/wp-json\/wp\/v2\/media?parent=104754"}],"wp:term":[{"taxonomy":"category","embeddable":true,"href":"https:\/\/primicias2262.com\/noticias\/wp-json\/wp\/v2\/categories?post=104754"},{"taxonomy":"post_tag","embeddable":true,"href":"https:\/\/primicias2262.com\/noticias\/wp-json\/wp\/v2\/tags?post=104754"}],"curies":[{"name":"wp","href":"https:\/\/api.w.org\/{rel}","templated":true}]}}