{"id":104758,"date":"2023-11-20T22:24:02","date_gmt":"2023-11-20T22:24:02","guid":{"rendered":"https:\/\/primicias2262.com\/noticias\/?p=104758"},"modified":"2023-11-21T18:52:19","modified_gmt":"2023-11-21T18:52:19","slug":"desde-este-martes-entra-en-vigencia-el-horario-de-verano-en-los-bancos","status":"publish","type":"post","link":"https:\/\/primicias2262.com\/noticias\/desde-este-martes-entra-en-vigencia-el-horario-de-verano-en-los-bancos\/","title":{"rendered":"Desde este martes, entra en vigencia el horario de verano en los bancos"},"content":{"rendered":"<p>Luego de un pedido formal por parte de la Asociaci\u00f3n Bancaria al Gobierno de la Provincia de Buenos Aires y con la finalidad de que el calor afecte lo menos posible tanto a los usuarios como a los trabajadores., los bancos de la provincia cambiar\u00e1n su horario de atenci\u00f3n desde este martes de 21 noviembre por el que se conoce habitualmente como <strong>\u201chorario de verano\u201d<\/strong>.<\/p>\n<p>Seg\u00fan indicaron desde la Asociaci\u00f3n Bancaria, los bancos\u00a0<strong>atender\u00e1n al p\u00fablico de 8 a 13 horas<\/strong>, en tanto que el servicio bancario ser\u00e1 de 7.45 a 15.15 horas.<\/p>\n<p>El mismo se extender\u00e1<strong>\u00a0hasta el 29 de marzo del a\u00f1o pr\u00f3ximo<\/strong>, inclusive.<\/p>\n<p>En tanto, el pr\u00f3ximo viernes 8 de diciembre, no se atender\u00e1 al p\u00fablico, debido a que es Feriado Nacional. Las actividades retornar\u00e1n a la normalidad el lunes sigiiente.<\/p>\n","protected":false},"excerpt":{"rendered":"<p>Luego de un pedido formal por parte de la Asociaci\u00f3n Bancaria al Gobierno de la Provincia de Buenos Aires y con la finalidad de que el calor afecte lo menos posible tanto a los usuarios como a los trabajadores., los bancos de la provincia cambiar\u00e1n su horario de atenci\u00f3n desde este martes de 21 noviembre [&hellip;]<\/p>\n","protected":false},"author":3,"featured_media":101562,"comment_status":"open","ping_status":"open","sticky":false,"template":"","format":"standard","meta":{"footnotes":""},"categories":[3],"tags":[],"class_list":["post-104758","post","type-post","status-publish","format-standard","has-post-thumbnail","category-masnoticias"],"_links":{"self":[{"href":"https:\/\/primicias2262.com\/noticias\/wp-json\/wp\/v2\/posts\/104758","targetHints":{"allow":["GET"]}}],"collection":[{"href":"https:\/\/primicias2262.com\/noticias\/wp-json\/wp\/v2\/posts"}],"about":[{"href":"https:\/\/primicias2262.com\/noticias\/wp-json\/wp\/v2\/types\/post"}],"author":[{"embeddable":true,"href":"https:\/\/primicias2262.com\/noticias\/wp-json\/wp\/v2\/users\/3"}],"replies":[{"embeddable":true,"href":"https:\/\/primicias2262.com\/noticias\/wp-json\/wp\/v2\/comments?post=104758"}],"version-history":[{"count":1,"href":"https:\/\/primicias2262.com\/noticias\/wp-json\/wp\/v2\/posts\/104758\/revisions"}],"predecessor-version":[{"id":104759,"href":"https:\/\/primicias2262.com\/noticias\/wp-json\/wp\/v2\/posts\/104758\/revisions\/104759"}],"wp:featuredmedia":[{"embeddable":true,"href":"https:\/\/primicias2262.com\/noticias\/wp-json\/wp\/v2\/media\/101562"}],"wp:attachment":[{"href":"https:\/\/primicias2262.com\/noticias\/wp-json\/wp\/v2\/media?parent=104758"}],"wp:term":[{"taxonomy":"category","embeddable":true,"href":"https:\/\/primicias2262.com\/noticias\/wp-json\/wp\/v2\/categories?post=104758"},{"taxonomy":"post_tag","embeddable":true,"href":"https:\/\/primicias2262.com\/noticias\/wp-json\/wp\/v2\/tags?post=104758"}],"curies":[{"name":"wp","href":"https:\/\/api.w.org\/{rel}","templated":true}]}}