{"id":104776,"date":"2023-11-21T17:24:14","date_gmt":"2023-11-21T17:24:14","guid":{"rendered":"https:\/\/primicias2262.com\/noticias\/?p=104776"},"modified":"2023-11-21T23:37:03","modified_gmt":"2023-11-21T23:37:03","slug":"estamos-contentos-por-el-desarrollo-de-la-eleccion-y-por-el-nuevo-presidente","status":"publish","type":"post","link":"https:\/\/primicias2262.com\/noticias\/estamos-contentos-por-el-desarrollo-de-la-eleccion-y-por-el-nuevo-presidente\/","title":{"rendered":"\u201cEstamos contentos por el desarrollo de la elecci\u00f3n y por el nuevo presidente\u201d"},"content":{"rendered":"<p><strong>As\u00ed lo destac\u00f3 el presidente del Honorable Concejo Deliberante, y electo concejal, Guillermo S\u00e1nchez, quien reconoci\u00f3 que a pesar de haber votado a Sergio Massa, \u201cla campa\u00f1a termin\u00f3 y ahora hay que trabajar para todos\u201d.<\/strong><\/p>\n<p>En \u201cVoces de la Ciudad\u201d, en di\u00e1logo con el periodista Jorge G\u00f3mez, al ser consultado sobre el resultado electoral del balotaje el abogado expres\u00f3 que \u201cestoy con mucha esperanza sinceramente, ya que todos los nuevos comienzos generan esperanza y algo de cambio. Fue una muy buena elecci\u00f3n en t\u00e9rminos generales, no se escucharon denuncias de fraudes ni cosas raras el domingo y eso hay que destacarlo porque es importante. No me sorprendi\u00f3 el resultado pero s\u00ed la diferencia, no esperaba una diferencia tan amplia\u201d.<\/p>\n<p>\u201cCon el diario del lunes se puede llegar a decir que la uni\u00f3n entre la Libertad Avanza con Juntos por el Cambio influy\u00f3, y la realidad es que comienza un nuevo destino y hay que estar a la altura de las circunstancias\u201d, mencion\u00f3.<\/p>\n<p>Fue all\u00ed cuando S\u00e1nchez defini\u00f3 que \u201cestamos contentos por el desarrollo de la elecci\u00f3n y por el nuevo presidente, ya termin\u00f3 la campa\u00f1a y ahora hay que trabajar para todos. Salvando las distancias, cuando nosotros asumimos en 2019 ten\u00edamos un panorama muy desalentador y sin embargo logramos que la ciudad crezca, avance y mejore, y ahora estamos convencidos de que vamos a trabajar con el nuevo presidente y el gobierno provincial porque es nuestra obligaci\u00f3n\u201d.<\/p>\n<p>S\u00e1nchez manifest\u00f3 que \u201ccreo que no hay ning\u00fan municipio donde el intendente sea de la Libertad Avanza y por ende en todos los municipios va a cambiar la gesti\u00f3n\u2026 todos los intendentes van a tener que iniciar un periodo de gesti\u00f3n ante un gobierno nacional que no tiene ni gobernadores ni intendentes, lo cual tambi\u00e9n nos abre una puerta\u201d.<\/p>\n<p>Al puntualizar sobre lo dicho por Javier Milei durante las primeras horas pos triunfo, S\u00e1nchez puntualiz\u00f3 que \u201centre las cosas que dijo el presidente me parece muy importante que destac\u00f3 que no importa de d\u00f3nde vengan, sino que va a trabajar con los m\u00e1s capaces, y eso es lo que vale en este nuevo pa\u00eds\u201d.<\/p>\n<p>\u201cDesde Nueva Necochea hacemos exactamente lo mismo\u201d, asegur\u00f3, para argumentar que \u201ctenemos de los partidos pol\u00edticos que se te ocurran en Nueva Necochea y el Intendente Rojas tuvo la capacidad de elegir a los m\u00e1s capaces para las \u00e1reas que correspondan, por eso me parece muy bueno lo que dijo el presidente, de eso se trata nuestro pa\u00eds: dejar de lado las cuestiones partidarias y hacer que primen la capacidad y las ganas de trabajar de las personas\u201d.<\/p>\n<p>Acerca de su voto por Sergio Massa, Guillermo manifest\u00f3 que \u201chab\u00eda dos candidatos para elegir y hab\u00eda que tomar una decisi\u00f3n\u2026no era bueno votar en blanco porque votar en blanco no es el pa\u00eds que nos merecemos. Hay que tomar decisiones, te pod\u00e9s equivocar o tomar buenas decisiones, pero siempre hay tiempo para mejorar, cambiar y seguir trabajando. Lo que uno no puede hacer es no tomar decisiones, porque estamos para tomar decisiones, as\u00ed que estamos muy confiados y contentos y esperamos que el presidente de una buena vez saque el pa\u00eds adelante, estaremos donde tenemos que estar para acompa\u00f1arlo\u201d.<\/p>\n","protected":false},"excerpt":{"rendered":"<p>As\u00ed lo destac\u00f3 el presidente del Honorable Concejo Deliberante, y electo concejal, Guillermo S\u00e1nchez, quien reconoci\u00f3 que a pesar de haber votado a Sergio Massa, \u201cla campa\u00f1a termin\u00f3 y ahora hay que trabajar para todos\u201d. En \u201cVoces de la Ciudad\u201d, en di\u00e1logo con el periodista Jorge G\u00f3mez, al ser consultado sobre el resultado electoral del [&hellip;]<\/p>\n","protected":false},"author":3,"featured_media":102463,"comment_status":"open","ping_status":"open","sticky":false,"template":"","format":"standard","meta":{"footnotes":""},"categories":[3],"tags":[],"class_list":["post-104776","post","type-post","status-publish","format-standard","has-post-thumbnail","category-masnoticias"],"_links":{"self":[{"href":"https:\/\/primicias2262.com\/noticias\/wp-json\/wp\/v2\/posts\/104776","targetHints":{"allow":["GET"]}}],"collection":[{"href":"https:\/\/primicias2262.com\/noticias\/wp-json\/wp\/v2\/posts"}],"about":[{"href":"https:\/\/primicias2262.com\/noticias\/wp-json\/wp\/v2\/types\/post"}],"author":[{"embeddable":true,"href":"https:\/\/primicias2262.com\/noticias\/wp-json\/wp\/v2\/users\/3"}],"replies":[{"embeddable":true,"href":"https:\/\/primicias2262.com\/noticias\/wp-json\/wp\/v2\/comments?post=104776"}],"version-history":[{"count":2,"href":"https:\/\/primicias2262.com\/noticias\/wp-json\/wp\/v2\/posts\/104776\/revisions"}],"predecessor-version":[{"id":104795,"href":"https:\/\/primicias2262.com\/noticias\/wp-json\/wp\/v2\/posts\/104776\/revisions\/104795"}],"wp:featuredmedia":[{"embeddable":true,"href":"https:\/\/primicias2262.com\/noticias\/wp-json\/wp\/v2\/media\/102463"}],"wp:attachment":[{"href":"https:\/\/primicias2262.com\/noticias\/wp-json\/wp\/v2\/media?parent=104776"}],"wp:term":[{"taxonomy":"category","embeddable":true,"href":"https:\/\/primicias2262.com\/noticias\/wp-json\/wp\/v2\/categories?post=104776"},{"taxonomy":"post_tag","embeddable":true,"href":"https:\/\/primicias2262.com\/noticias\/wp-json\/wp\/v2\/tags?post=104776"}],"curies":[{"name":"wp","href":"https:\/\/api.w.org\/{rel}","templated":true}]}}