{"id":104779,"date":"2023-11-21T18:18:13","date_gmt":"2023-11-21T18:18:13","guid":{"rendered":"https:\/\/primicias2262.com\/noticias\/?p=104779"},"modified":"2023-11-23T13:47:02","modified_gmt":"2023-11-23T13:47:02","slug":"el-jueves-7-de-diciembre-vence-el-plazo-para-sumarse-a-la-moratoria-municipal","status":"publish","type":"post","link":"https:\/\/primicias2262.com\/noticias\/el-jueves-7-de-diciembre-vence-el-plazo-para-sumarse-a-la-moratoria-municipal\/","title":{"rendered":"El jueves 7 de diciembre vence el plazo para sumarse a la moratoria municipal"},"content":{"rendered":"<p><strong>Pueden adherir los y las contribuyentes que hayan cumplido con las obligaciones fiscales de 2023, hasta agosto inclusive, mientras que el plan de pagos se podr\u00e1 realizar sobre las deudas mantenidas con el municipio en concepto de tasas, derechos y permisos hasta el 31 de diciembre de 2022.<\/strong><\/p>\n<p>El jueves 7 de diciembre ser\u00e1 la fecha l\u00edmite para que los vecinos y las vecinas del distrito de Necochea puedan adherirse a los reg\u00edmenes de Recuperaci\u00f3n de Deuda y de Facilidades de Pago propuestos por el Departamento Ejecutivo municipal a trav\u00e9s del Decreto N\u00ba 2911\/23.<\/p>\n<p>A esta moratoria solo podr\u00e1n adherir los y las contribuyentes que hayan cumplido con las obligaciones fiscales de 2023, hasta agosto inclusive, mientras que el plan de pagos se podr\u00e1 realizar sobre las deudas mantenidas con el municipio en concepto de tasas, derechos y permisos hasta el 31 de diciembre de 2022.<\/p>\n<div class=\"wp-block-image\">\n<figure class=\"aligncenter size-full\"><img loading=\"lazy\" decoding=\"async\" class=\"wp-image-81808\" src=\"https:\/\/necochea.gov.ar\/wp-content\/uploads\/2023\/10\/18-10-FOTO-Alfredo-Gomez.jpeg\" alt=\"\" width=\"1600\" height=\"1066\" \/><figcaption class=\"wp-element-caption\">Lic. Alfredo G\u00f3mez<\/figcaption><\/figure>\n<\/div>\n<p>&nbsp;<\/p>\n<p>Al respecto, Alfredo G\u00f3mez, subsecretario de la Agencia de Recaudaci\u00f3n, \u00e1rea de la comuna a cargo de este operativo, se\u00f1al\u00f3 sobre este instrumento que ha sido de vital importancia para que aquellas personas que manten\u00edan una deuda de a\u00f1os con el municipio puedan ponerse al d\u00eda, entendiendo que \u201cha dado muy buenos resultados\u201d.<\/p>\n<p>La moratoria \u201ces una herramienta que permite regularizar deudas vencidas e ir poni\u00e9ndose al d\u00eda con los vencimientos del ejercicio en curso\u201d, indic\u00f3 el funcionario, informando que durante los primeros cuatro a\u00f1os de la actual administraci\u00f3n municipal del intendente Arturo Rojas se firmaron 48.489 convenios de pago, habi\u00e9ndose regularizado deuda por una suma de 1.396 millones de pesos.<\/p>\n<p>&nbsp;<\/p>\n<div class=\"wp-block-image\">\n<figure class=\"aligncenter size-full\"><img loading=\"lazy\" decoding=\"async\" class=\"wp-image-82282\" src=\"https:\/\/necochea.gov.ar\/wp-content\/uploads\/2023\/11\/21-11-MAPA-Planes-Financiacion-Necochea-Agencia.png\" alt=\"\" width=\"9450\" height=\"4725\" \/><\/figure>\n<\/div>\n<p>&nbsp;<\/p>\n<p>Por otra parte el organismo recaudador envi\u00f3 hasta el 28 de octubre de este a\u00f1o unas 3.498 c\u00e9dulas de intimaci\u00f3n, por un valor de posible recupero que asciende a 608 millones de pesos. Estas notificaciones anuales se suman a un total 19.543 realizadas durante el recorrido de la gesti\u00f3n, por un valor de 1.928 millones de pesos.<\/p>\n<p>&nbsp;<\/p>\n<div class=\"wp-block-image\">\n<figure class=\"aligncenter size-full\"><img loading=\"lazy\" decoding=\"async\" class=\"wp-image-82281\" src=\"https:\/\/necochea.gov.ar\/wp-content\/uploads\/2023\/11\/21-11-MAPA-Intimaciones-Necochea-Agencia.png\" alt=\"\" width=\"9450\" height=\"4725\" \/><\/figure>\n<\/div>\n<p>&nbsp;<\/p>\n<p>\u201cLa afluencia del p\u00fablico que concurre a las dependencias municipales producto de las diferentes campa\u00f1as realizadas por la Agencia de Recaudaci\u00f3n Municipal ha aumentado notablemente y se observa, principalmente, en estas fechas en las que se pone un l\u00edmite a la adhesi\u00f3n a la moratoria\u201d, a\u00f1adi\u00f3 el subsecretario, calificando a esta pol\u00edtica asumida por el municipio como un gran avance y un beneficio mutuo tanto para las arcas del Estado local como para los vecinos y las vecinas contribuyentes.<\/p>\n","protected":false},"excerpt":{"rendered":"<p>Pueden adherir los y las contribuyentes que hayan cumplido con las obligaciones fiscales de 2023, hasta agosto inclusive, mientras que el plan de pagos se podr\u00e1 realizar sobre las deudas mantenidas con el municipio en concepto de tasas, derechos y permisos hasta el 31 de diciembre de 2022. El jueves 7 de diciembre ser\u00e1 la [&hellip;]<\/p>\n","protected":false},"author":3,"featured_media":103246,"comment_status":"open","ping_status":"open","sticky":false,"template":"","format":"standard","meta":{"footnotes":""},"categories":[3],"tags":[],"class_list":["post-104779","post","type-post","status-publish","format-standard","has-post-thumbnail","category-masnoticias"],"_links":{"self":[{"href":"https:\/\/primicias2262.com\/noticias\/wp-json\/wp\/v2\/posts\/104779","targetHints":{"allow":["GET"]}}],"collection":[{"href":"https:\/\/primicias2262.com\/noticias\/wp-json\/wp\/v2\/posts"}],"about":[{"href":"https:\/\/primicias2262.com\/noticias\/wp-json\/wp\/v2\/types\/post"}],"author":[{"embeddable":true,"href":"https:\/\/primicias2262.com\/noticias\/wp-json\/wp\/v2\/users\/3"}],"replies":[{"embeddable":true,"href":"https:\/\/primicias2262.com\/noticias\/wp-json\/wp\/v2\/comments?post=104779"}],"version-history":[{"count":1,"href":"https:\/\/primicias2262.com\/noticias\/wp-json\/wp\/v2\/posts\/104779\/revisions"}],"predecessor-version":[{"id":104780,"href":"https:\/\/primicias2262.com\/noticias\/wp-json\/wp\/v2\/posts\/104779\/revisions\/104780"}],"wp:featuredmedia":[{"embeddable":true,"href":"https:\/\/primicias2262.com\/noticias\/wp-json\/wp\/v2\/media\/103246"}],"wp:attachment":[{"href":"https:\/\/primicias2262.com\/noticias\/wp-json\/wp\/v2\/media?parent=104779"}],"wp:term":[{"taxonomy":"category","embeddable":true,"href":"https:\/\/primicias2262.com\/noticias\/wp-json\/wp\/v2\/categories?post=104779"},{"taxonomy":"post_tag","embeddable":true,"href":"https:\/\/primicias2262.com\/noticias\/wp-json\/wp\/v2\/tags?post=104779"}],"curies":[{"name":"wp","href":"https:\/\/api.w.org\/{rel}","templated":true}]}}