{"id":104782,"date":"2023-11-21T18:21:56","date_gmt":"2023-11-21T18:21:56","guid":{"rendered":"https:\/\/primicias2262.com\/noticias\/?p=104782"},"modified":"2023-11-22T14:53:58","modified_gmt":"2023-11-22T14:53:58","slug":"mas-de-40-bomberos-locales-y-de-la-region-se-capacitan-por-tres-semanas-en-necochea","status":"publish","type":"post","link":"https:\/\/primicias2262.com\/noticias\/mas-de-40-bomberos-locales-y-de-la-region-se-capacitan-por-tres-semanas-en-necochea\/","title":{"rendered":"M\u00e1s de 40 bomberos locales y de la regi\u00f3n se capacitan por tres semanas en Necochea"},"content":{"rendered":"<div class=\"elementor-element elementor-element-38a37d5 elementor-widget elementor-widget-theme-post-content\" data-id=\"38a37d5\" data-element_type=\"widget\" data-widget_type=\"theme-post-content.default\">\n<div class=\"elementor-widget-container\">\n<p><strong>El intendente Arturo Rojas dio la bienvenida este martes en el cuartel local a los m\u00e1s de 40 bomberos que durante tres semanas se capacitar\u00e1n en Necochea, elegida como una de las tres ciudades en la provincia para este espacio de formaci\u00f3n.<\/strong><\/p>\n<p>Con la presencia del intendente Arturo Rojas, el cuartel de Bomberos de Necochea recibe a partir de esta semana nuevo personal que se suma a las filas y a su vez a bomberos de la regi\u00f3n que realizar\u00e1n una capacitaci\u00f3n durante tres semanas en la ciudad.El jefe comunal estuvo acompa\u00f1ado por el secretario de Gobierno, Jorge Mart\u00ednez; el subsecretario de Prevenci\u00f3n y Monitoreo, \u00c1ngel V\u00e1zquez; y el director de Defensa Civil, Augusto Fulton; y no solo celebr\u00f3 la incorporaci\u00f3n de m\u00e1s personal al cuartel local, sino que realiz\u00f3 un nuevo llamado al trabajo en conjunto entre las instituciones.<\/p>\n<p>En ese aspecto, Fulton se\u00f1al\u00f3 pos ceremonia que \u201cse ha incorporado nuevo personal al cuartel de Bomberos de Necochea, al de Quequ\u00e9n y tambi\u00e9n al de Juan N. Fern\u00e1ndez, y por otro lado se han reforzado diferentes cuarteles de la provincia de Buenos Aires\u201d, recordando que \u201cse trata de una escuela de bomberos que se gener\u00f3 el a\u00f1o pasado cuando la incorpor\u00f3 el Ministerio de Seguridad entre sus capacitaciones y producto de esto egresaron los bomberos y se les dio destino\u201d.<\/p>\n<figure class=\"wp-block-image size-full\"><img loading=\"lazy\" decoding=\"async\" class=\"wp-image-82289\" src=\"https:\/\/necochea.gov.ar\/wp-content\/uploads\/2023\/11\/21-11-FOTO-Rojas-Bomberos5.jpeg\" alt=\"\" width=\"1600\" height=\"1200\" \/><\/figure>\n<p>El funcionario resalt\u00f3 que \u201cpor gestiones del Intendente municipal y del secretario de Gobierno se pudo traer personal a Necochea que sirve para reforzar ambos cuarteles, como as\u00ed de cara a la temporada de verano que se avecina, donde los incendios forestales est\u00e1n m\u00e1s activos que en invierno\u201d.<\/p>\n<p>En cuanto al proceso de formaci\u00f3n, Fulton revel\u00f3 que \u201cse trata de jornadas en las cuales el personal se estar\u00e1 capacitando, <strong>Necochea fue elegida como una de las tres ciudades en la Provincia para capacitar a la totalidad de los efectivos que egresaron de la escuela<\/strong>, que son unos 150 efectivos y hoy comenzaron a formarse 45 de ellos en Necochea\u201d.<\/p>\n<figure class=\"wp-block-gallery has-nested-images columns-default is-cropped wp-block-gallery-1 is-layout-flex wp-block-gallery-is-layout-flex\">\n<figure class=\"wp-block-image size-large\"><img loading=\"lazy\" decoding=\"async\" class=\"wp-image-82285\" src=\"https:\/\/necochea.gov.ar\/wp-content\/uploads\/2023\/11\/21-11-FOTO-Rojas-Bomberos.jpeg\" alt=\"\" width=\"1600\" height=\"1200\" data-id=\"82285\" \/><\/figure>\n<figure class=\"wp-block-image size-large\"><img loading=\"lazy\" decoding=\"async\" class=\"wp-image-82287\" src=\"https:\/\/necochea.gov.ar\/wp-content\/uploads\/2023\/11\/21-11-FOTO-Rojas-Bomberos3.jpeg\" alt=\"\" width=\"1600\" height=\"1200\" data-id=\"82287\" \/><\/figure>\n<\/figure>\n<p>Los bomberos que se capacitan son de Necochea, Quequ\u00e9n, Juan N. Fern\u00e1ndez, Lober\u00eda y de la zona de Bah\u00eda Blanca. \u201cSon efectivos que durante tres semanas se estar\u00e1n alojando en el Polideportivo Municipal y capacitando en el cuartel de Bomberos, acompa\u00f1ados por instructores de Mar del Plata en lo que respecta a incendios forestales primeramente. En la semana pr\u00f3xima abordar\u00e1n la tem\u00e1tica rescate vehicular y primeros auxilios, y en la tercera semana van a trabajar incendios estructurales\u201d, especific\u00f3<\/p>\n<p>Finalmente, Fulton insisti\u00f3 en el trabajo articulado, sintetizando que \u201ctirar todos para el mismo lado es clave y es lo que se viene haciendo en estos cuatro a\u00f1os de gesti\u00f3n desde las diferentes \u00e1reas municipales, y en mi caso con Defensa Civil es el mensaje claro que Arturo siempre nos pide: trabajar en equipo ya sea con organismo oficiales como Bomberos, Prefectura y Polic\u00eda, como tambi\u00e9n con instituciones intermedias, estando siempre a disposici\u00f3n de la comunidad\u201d.<\/p>\n<p>&nbsp;<\/p>\n<\/div>\n<\/div>\n","protected":false},"excerpt":{"rendered":"<p>El intendente Arturo Rojas dio la bienvenida este martes en el cuartel local a los m\u00e1s de 40 bomberos que durante tres semanas se capacitar\u00e1n en Necochea, elegida como una de las tres ciudades en la provincia para este espacio de formaci\u00f3n. Con la presencia del intendente Arturo Rojas, el cuartel de Bomberos de Necochea [&hellip;]<\/p>\n","protected":false},"author":3,"featured_media":104783,"comment_status":"open","ping_status":"open","sticky":false,"template":"","format":"standard","meta":{"footnotes":""},"categories":[3],"tags":[],"class_list":["post-104782","post","type-post","status-publish","format-standard","has-post-thumbnail","category-masnoticias"],"_links":{"self":[{"href":"https:\/\/primicias2262.com\/noticias\/wp-json\/wp\/v2\/posts\/104782","targetHints":{"allow":["GET"]}}],"collection":[{"href":"https:\/\/primicias2262.com\/noticias\/wp-json\/wp\/v2\/posts"}],"about":[{"href":"https:\/\/primicias2262.com\/noticias\/wp-json\/wp\/v2\/types\/post"}],"author":[{"embeddable":true,"href":"https:\/\/primicias2262.com\/noticias\/wp-json\/wp\/v2\/users\/3"}],"replies":[{"embeddable":true,"href":"https:\/\/primicias2262.com\/noticias\/wp-json\/wp\/v2\/comments?post=104782"}],"version-history":[{"count":2,"href":"https:\/\/primicias2262.com\/noticias\/wp-json\/wp\/v2\/posts\/104782\/revisions"}],"predecessor-version":[{"id":104799,"href":"https:\/\/primicias2262.com\/noticias\/wp-json\/wp\/v2\/posts\/104782\/revisions\/104799"}],"wp:featuredmedia":[{"embeddable":true,"href":"https:\/\/primicias2262.com\/noticias\/wp-json\/wp\/v2\/media\/104783"}],"wp:attachment":[{"href":"https:\/\/primicias2262.com\/noticias\/wp-json\/wp\/v2\/media?parent=104782"}],"wp:term":[{"taxonomy":"category","embeddable":true,"href":"https:\/\/primicias2262.com\/noticias\/wp-json\/wp\/v2\/categories?post=104782"},{"taxonomy":"post_tag","embeddable":true,"href":"https:\/\/primicias2262.com\/noticias\/wp-json\/wp\/v2\/tags?post=104782"}],"curies":[{"name":"wp","href":"https:\/\/api.w.org\/{rel}","templated":true}]}}