{"id":104786,"date":"2023-11-21T18:52:05","date_gmt":"2023-11-21T18:52:05","guid":{"rendered":"https:\/\/primicias2262.com\/noticias\/?p=104786"},"modified":"2023-11-23T17:15:52","modified_gmt":"2023-11-23T17:15:52","slug":"si-el-intendente-necesita-que-abramos-alguna-puerta-para-tener-llegada-arriba-eso-va-a-estar","status":"publish","type":"post","link":"https:\/\/primicias2262.com\/noticias\/si-el-intendente-necesita-que-abramos-alguna-puerta-para-tener-llegada-arriba-eso-va-a-estar\/","title":{"rendered":"\u201cSi el Intendente necesita que abramos alguna puerta para tener llegada arriba, eso va a estar\u201d"},"content":{"rendered":"<p><strong>As\u00ed lo defini\u00f3 el electo concejal de la Libertad Avanza, Mariano Valiante, luego del triunfo de su referente y ahora presidente de la Naci\u00f3n, Javier Milei, y en total disposici\u00f3n de lo que pueda llegar a solicitar Arturo Rojas.<\/strong><\/p>\n<p>\u201cFue una alegr\u00eda enorme lo del domingo, pero ahora empieza el partido de verdad\u201d. En \u201cVoces de la Ciudad\u201d, durante una nota con el periodista Jorge G\u00f3mez, Valiante se mostr\u00f3 con los pies sobre la tierra y dijo ser consciente que ahora se viene lo m\u00e1s importante.<\/p>\n<p>No obstante, antes que ello le record\u00f3 al periodista que \u201cdesde febrero venimos hablando, yo te afirmaba que Milei iba a ser presidente y ac\u00e1 estamos. Trabajando en el espacio ve\u00edamos el crecimiento d\u00eda a d\u00eda de la Libertad Avanza y de Javier Milei, aunque despu\u00e9s de las generales de octubre hubo que llamar a otros sectores para que nos den el apoyo para fiscalizar y tratar de lograr acuerdos en provincias y municipios, y se logr\u00f3 ese apoyo, sobre todo del PRO puro\u201d.<\/p>\n<p>Valiante resalt\u00f3 que \u201cla gente tom\u00f3 posici\u00f3n y fue a votar, fue a votar m\u00e1s gente que en las elecciones generales ac\u00e1 en Necochea y hubo muy pocos votos en blanco\u2026 la mayor\u00eda que vot\u00f3 a Patricia Bullrich en octubre ahora vot\u00f3 a Milei y ah\u00ed est\u00e1 la diferencia\u201d.<\/p>\n<p>Por ende, asegur\u00f3 que \u201clo ve\u00edamos venir y fue una alegr\u00eda enorme el domingo, pero ahora empieza el partido de verdad. La gente decidi\u00f3 y percibo en la calle un clima de esperanza\u201d, y valor\u00f3 con una mirada conciliadora que \u201cante todas las dudas de fraude, Argentina demostr\u00f3 que tiene un sistema electoral s\u00f3lido, que cuando se fiscaliza y se trabaja en serio es impecable\u201d.<\/p>\n<p><a href=\"https:\/\/primicias2262.com\/noticias\/wp-content\/uploads\/2023\/08\/nosek-valiante.jpg\"><img loading=\"lazy\" decoding=\"async\" class=\"aligncenter size-full wp-image-102577\" src=\"https:\/\/primicias2262.com\/noticias\/wp-content\/uploads\/2023\/08\/nosek-valiante.jpg\" alt=\"\" width=\"680\" height=\"382\" srcset=\"https:\/\/primicias2262.com\/noticias\/wp-content\/uploads\/2023\/08\/nosek-valiante.jpg 680w, https:\/\/primicias2262.com\/noticias\/wp-content\/uploads\/2023\/08\/nosek-valiante-300x169.jpg 300w, https:\/\/primicias2262.com\/noticias\/wp-content\/uploads\/2023\/08\/nosek-valiante-150x84.jpg 150w\" sizes=\"auto, (max-width: 680px) 100vw, 680px\" \/><\/a>Incluso, subray\u00f3 Mariano que \u201chubo una relaci\u00f3n excelente con los fiscales y la gente de Uni\u00f3n por la Patria el domingo, los ciudadanos estuvimos a la altura de las circunstancias y hay que destacarlo\u201d.<\/p>\n<p>En cuanto al respaldo que significa la figura de Milei, Valiante se\u00f1al\u00f3 que \u201cpara nosotros es muy bueno: una cosa es llegar al Concejo con un presidente detr\u00e1s y otra muy distinta es llegar al Concejo solos (junto a su compa\u00f1era de bancada Ver\u00f3nica Bibb\u00f3). Esto te da otro panorama y ahora tenemos una doble responsabilidad: involucrarnos en el proyecto de Javier Milei con las propuestas que tenga y las leyes que haya que votar, y a su vez con nuestra ciudad\u201d.<\/p>\n<p>Fue respecto a esto \u00faltimo que Valiante asegur\u00f3 que avizora una buena relaci\u00f3n con el intendente Arturo Rojas, quien hab\u00eda expresado su apoyo al candidato Sergio Massa. \u201cCada uno vota lo que quiere y ah\u00ed termin\u00f3 la historia. Tambi\u00e9n conozco gente de Nueva Necochea que vot\u00f3 a Milei porque me lo han dicho. Si bien el intendente se expres\u00f3 a favor de Massa no quer\u00eda decir que todos lo que votaron a Rojas votaran a Massa, y la relaci\u00f3n creo que va a ser muy buena, no tenemos nada que impida el trato\u201d, aocotando incluso que \u201csi el Intendente necesita que abramos alguna puerta para tener llegada arriba eso va a estar, nosotros venimos a trabajar por Necochea, que es lo que nos interesa\u201d.<\/p>\n<p><a href=\"https:\/\/primicias2262.com\/noticias\/wp-content\/uploads\/2023\/06\/valiante-milei-nosek.jpg\"><img loading=\"lazy\" decoding=\"async\" class=\"aligncenter size-full wp-image-100398\" src=\"https:\/\/primicias2262.com\/noticias\/wp-content\/uploads\/2023\/06\/valiante-milei-nosek.jpg\" alt=\"\" width=\"1359\" height=\"1536\" srcset=\"https:\/\/primicias2262.com\/noticias\/wp-content\/uploads\/2023\/06\/valiante-milei-nosek.jpg 1359w, https:\/\/primicias2262.com\/noticias\/wp-content\/uploads\/2023\/06\/valiante-milei-nosek-265x300.jpg 265w, https:\/\/primicias2262.com\/noticias\/wp-content\/uploads\/2023\/06\/valiante-milei-nosek-906x1024.jpg 906w, https:\/\/primicias2262.com\/noticias\/wp-content\/uploads\/2023\/06\/valiante-milei-nosek-768x868.jpg 768w, https:\/\/primicias2262.com\/noticias\/wp-content\/uploads\/2023\/06\/valiante-milei-nosek-150x170.jpg 150w, https:\/\/primicias2262.com\/noticias\/wp-content\/uploads\/2023\/06\/valiante-milei-nosek-300x339.jpg 300w, https:\/\/primicias2262.com\/noticias\/wp-content\/uploads\/2023\/06\/valiante-milei-nosek-696x787.jpg 696w, https:\/\/primicias2262.com\/noticias\/wp-content\/uploads\/2023\/06\/valiante-milei-nosek-1068x1207.jpg 1068w\" sizes=\"auto, (max-width: 1359px) 100vw, 1359px\" \/><\/a><\/p>\n","protected":false},"excerpt":{"rendered":"<p>As\u00ed lo defini\u00f3 el electo concejal de la Libertad Avanza, Mariano Valiante, luego del triunfo de su referente y ahora presidente de la Naci\u00f3n, Javier Milei, y en total disposici\u00f3n de lo que pueda llegar a solicitar Arturo Rojas. \u201cFue una alegr\u00eda enorme lo del domingo, pero ahora empieza el partido de verdad\u201d. En \u201cVoces [&hellip;]<\/p>\n","protected":false},"author":3,"featured_media":102576,"comment_status":"open","ping_status":"open","sticky":false,"template":"","format":"standard","meta":{"footnotes":""},"categories":[3],"tags":[],"class_list":["post-104786","post","type-post","status-publish","format-standard","has-post-thumbnail","category-masnoticias"],"_links":{"self":[{"href":"https:\/\/primicias2262.com\/noticias\/wp-json\/wp\/v2\/posts\/104786","targetHints":{"allow":["GET"]}}],"collection":[{"href":"https:\/\/primicias2262.com\/noticias\/wp-json\/wp\/v2\/posts"}],"about":[{"href":"https:\/\/primicias2262.com\/noticias\/wp-json\/wp\/v2\/types\/post"}],"author":[{"embeddable":true,"href":"https:\/\/primicias2262.com\/noticias\/wp-json\/wp\/v2\/users\/3"}],"replies":[{"embeddable":true,"href":"https:\/\/primicias2262.com\/noticias\/wp-json\/wp\/v2\/comments?post=104786"}],"version-history":[{"count":2,"href":"https:\/\/primicias2262.com\/noticias\/wp-json\/wp\/v2\/posts\/104786\/revisions"}],"predecessor-version":[{"id":104813,"href":"https:\/\/primicias2262.com\/noticias\/wp-json\/wp\/v2\/posts\/104786\/revisions\/104813"}],"wp:featuredmedia":[{"embeddable":true,"href":"https:\/\/primicias2262.com\/noticias\/wp-json\/wp\/v2\/media\/102576"}],"wp:attachment":[{"href":"https:\/\/primicias2262.com\/noticias\/wp-json\/wp\/v2\/media?parent=104786"}],"wp:term":[{"taxonomy":"category","embeddable":true,"href":"https:\/\/primicias2262.com\/noticias\/wp-json\/wp\/v2\/categories?post=104786"},{"taxonomy":"post_tag","embeddable":true,"href":"https:\/\/primicias2262.com\/noticias\/wp-json\/wp\/v2\/tags?post=104786"}],"curies":[{"name":"wp","href":"https:\/\/api.w.org\/{rel}","templated":true}]}}