{"id":104797,"date":"2023-11-22T14:53:33","date_gmt":"2023-11-22T14:53:33","guid":{"rendered":"https:\/\/primicias2262.com\/noticias\/?p=104797"},"modified":"2023-11-23T17:31:14","modified_gmt":"2023-11-23T17:31:14","slug":"reino-la-incertidumbre-en-la-reunion-paritaria-y-este-jueves-el-ejecutivo-haria-una-propuesta-formal-a-los-trabajadores","status":"publish","type":"post","link":"https:\/\/primicias2262.com\/noticias\/reino-la-incertidumbre-en-la-reunion-paritaria-y-este-jueves-el-ejecutivo-haria-una-propuesta-formal-a-los-trabajadores\/","title":{"rendered":"Rein\u00f3 la incertidumbre en la reuni\u00f3n paritaria y este jueves el Ejecutivo har\u00eda una propuesta formal a los trabajadores"},"content":{"rendered":"<p><strong>El secretario adjunto del Sindicato de Trabajadores Municipales, Gast\u00f3n D\u00edaz, cont\u00f3 detalles de las negociaciones llevadas a cabo el pasado martes en el municipio junto a los sindicatos de ATE y Guardavidas con el intendente Arturo Rojas y dem\u00e1s actores del Ejecutivo, en el marco de las paritarias bimestrales al comp\u00e1s de la inflaci\u00f3n, pero con un nuevo escenario nacional tras la victoria presidencial de Javier Milei.<\/strong><\/p>\n<p>En \u201cVoces de la Ciudad\u201d, ante la consulta del periodista Jorge G\u00f3mez, \u00a0D\u00edaz contextualiz\u00f3 que \u201cal principio del a\u00f1o ten\u00edamos la paritaria trimestral y despu\u00e9s de las PASO en agosto con la devaluaci\u00f3n se acord\u00f3 adelantar las paritarias y que sean bimestrales, tomando como referencia los dos meses anteriores, as\u00ed fue en septiembre y ten\u00edamos la reuni\u00f3n pactada por la paritaria de noviembre y a\u00fan resta la de enero del a\u00f1o que viene\u201d.<\/p>\n<p>En cuanto a lo m\u00e1s inmediato, relat\u00f3 que \u201cla inflaci\u00f3n de septiembre-octubre es de un 22% de cara a la paritaria de noviembre, aclarando que no es para aumento salarial sino para recomposici\u00f3n salarial, ya no podemos hablar de aumento y eso marca una diferencia importante en el concepto\u201d.<\/p>\n<p>Fue all\u00ed cuando D\u00edaz dio detalles de lo expuesto por Rojas y su equipo. \u201cEl Intendente se hab\u00eda manifestado a favor de Massa, creo que ten\u00edan un acuerdo entre ellos y en charlas incluso con el gobernador Axel Kicillof, pero ahora el triunfo de Milei les cambi\u00f3 un poco el panorama y hay un marco de incertidumbre porque no saben lo que va a pasar, hay un camino de transici\u00f3n de ac\u00e1 a diciembre y nos dijo que de ninguna forma puede garantizarnos el 22%\u201d.<\/p>\n<p>En esa misma l\u00ednea, anticip\u00f3 que \u201cquieren ver si se pueden implementar la cifra de manera gradual, con un porcentaje en noviembre y otro en diciembre, pero tampoco tenemos n\u00fameros exactos, y ellos creen que van a tener un poco m\u00e1s de ox\u00edgeno el a\u00f1o que viene ya con la nueva Fiscal Impositiva, as\u00ed que estamos a la expectativa de una propuesta formal que nos har\u00edan llegar este jueves, acerca de lo que ellos puedan pagar con los salarios de noviembre y con un interrogante de cara a diciembre\u201d.<\/p>\n<p>Por ende, el dirigente del STM no neg\u00f3 que \u201cestamos en un marco de bastante incertidumbre, principalmente por el cambio de escenario a nivel nacional\u201d, aunque reconoci\u00f3 y volvi\u00f3 a valorar que \u201cla gesti\u00f3n de Arturo Rojas hasta ahora se ha caracterizado por mantener un di\u00e1logo fluido y sincero, nosotros transmitimos lo que dice la gente y ninguna de las dos partes escondemos cartas\u201d.<\/p>\n","protected":false},"excerpt":{"rendered":"<p>El secretario adjunto del Sindicato de Trabajadores Municipales, Gast\u00f3n D\u00edaz, cont\u00f3 detalles de las negociaciones llevadas a cabo el pasado martes en el municipio junto a los sindicatos de ATE y Guardavidas con el intendente Arturo Rojas y dem\u00e1s actores del Ejecutivo, en el marco de las paritarias bimestrales al comp\u00e1s de la inflaci\u00f3n, pero [&hellip;]<\/p>\n","protected":false},"author":3,"featured_media":102056,"comment_status":"open","ping_status":"open","sticky":false,"template":"","format":"standard","meta":{"footnotes":""},"categories":[3],"tags":[],"class_list":["post-104797","post","type-post","status-publish","format-standard","has-post-thumbnail","category-masnoticias"],"_links":{"self":[{"href":"https:\/\/primicias2262.com\/noticias\/wp-json\/wp\/v2\/posts\/104797","targetHints":{"allow":["GET"]}}],"collection":[{"href":"https:\/\/primicias2262.com\/noticias\/wp-json\/wp\/v2\/posts"}],"about":[{"href":"https:\/\/primicias2262.com\/noticias\/wp-json\/wp\/v2\/types\/post"}],"author":[{"embeddable":true,"href":"https:\/\/primicias2262.com\/noticias\/wp-json\/wp\/v2\/users\/3"}],"replies":[{"embeddable":true,"href":"https:\/\/primicias2262.com\/noticias\/wp-json\/wp\/v2\/comments?post=104797"}],"version-history":[{"count":2,"href":"https:\/\/primicias2262.com\/noticias\/wp-json\/wp\/v2\/posts\/104797\/revisions"}],"predecessor-version":[{"id":104803,"href":"https:\/\/primicias2262.com\/noticias\/wp-json\/wp\/v2\/posts\/104797\/revisions\/104803"}],"wp:featuredmedia":[{"embeddable":true,"href":"https:\/\/primicias2262.com\/noticias\/wp-json\/wp\/v2\/media\/102056"}],"wp:attachment":[{"href":"https:\/\/primicias2262.com\/noticias\/wp-json\/wp\/v2\/media?parent=104797"}],"wp:term":[{"taxonomy":"category","embeddable":true,"href":"https:\/\/primicias2262.com\/noticias\/wp-json\/wp\/v2\/categories?post=104797"},{"taxonomy":"post_tag","embeddable":true,"href":"https:\/\/primicias2262.com\/noticias\/wp-json\/wp\/v2\/tags?post=104797"}],"curies":[{"name":"wp","href":"https:\/\/api.w.org\/{rel}","templated":true}]}}