{"id":104800,"date":"2023-11-23T13:46:43","date_gmt":"2023-11-23T13:46:43","guid":{"rendered":"https:\/\/primicias2262.com\/noticias\/?p=104800"},"modified":"2023-11-24T16:18:57","modified_gmt":"2023-11-24T16:18:57","slug":"la-experiencia-en-el-hcd-es-de-mucho-aprendizaje-y-se-me-cayeron-los-prejuicios-que-tenia","status":"publish","type":"post","link":"https:\/\/primicias2262.com\/noticias\/la-experiencia-en-el-hcd-es-de-mucho-aprendizaje-y-se-me-cayeron-los-prejuicios-que-tenia\/","title":{"rendered":"\u201cLa experiencia en el HCD es de mucho aprendizaje y se me cayeron los prejuicios que ten\u00eda\u201d"},"content":{"rendered":"<p><strong>As\u00ed declar\u00f3 la concejal de la Agrupaci\u00f3n Comunal Transformadora, Mariela Maceiro, quien prontamente cumple dos a\u00f1os de experiencia legislativa en el Honorable Concejo Deliberante de Necochea. Lo hizo ante la consulta period\u00edstica de Jorge G\u00f3mez en \u201cVoces de la Ciudad\u201d.<\/strong><\/p>\n<p>Quien proviene del mundo de la docencia defini\u00f3 acerca del HCD que \u201ces una experiencia sumamente enriquecedora, he sumado mucho aprendizaje y me falta un mont\u00f3n todav\u00eda. No vengo del mundo de la pol\u00edtica sino que incursion\u00e9 por iniciativa o invitaciones que tuve y a partir de eso empec\u00e9 a involucrarme un poco m\u00e1s en lo que pasa en el distrito para tratar de generar cambios desde adentro\u201d.<\/p>\n<p>Ratific\u00f3 en tal sentido que \u201cha sido de mucho aprendizaje acerca de lo que es el Concejo y c\u00f3mo se trabaja ah\u00ed en equipo con otros, porque m\u00e1s all\u00e1 de los partidos pol\u00edticos que componen el HCD uno se tiene que sentar a dialogar porque estamos representando a todos los vecinos del distrito y tiene que hacerse con la altura necesaria\u201d.<\/p>\n<p>Revel\u00f3 seguidamente que \u201cpara m\u00ed fue un descubrimiento y a su vez una oportunidad para sacarme ciertos prejuicios que ten\u00eda de entrar ah\u00ed, por lo que te dicen o lo que te cuentan\u2026 pero uno se encuentra con personas que est\u00e1n con el mismo objetivo de sacar adelante al distrito, m\u00e1s all\u00e1 que se defienden distintas posturas, pero en definitiva todos estamos por lo mismo y se me cayeron los prejuicios que ten\u00eda y me parec\u00eda importante verlo desde adentro para tratar de desmitificar\u201d.<\/p>\n<p>Por otra parte, quien es la presidenta de la Comisi\u00f3n de Cultura y Educaci\u00f3n fue consultada por las elecciones presidenciales del domingo anterior, de las cuales hizo la siguiente lectura: \u201cSoy muy respetuosa de la decisi\u00f3n del pueblo, que ha marcado cierta diferencia cuando en realidad pens\u00e9 que iba a estar m\u00e1s ajustada la decisi\u00f3n, pero evidentemente prevaleci\u00f3 la bronca y el hartazgo de la sociedad, y a partir de ahora hay que esperar lo que se viene, hay mucha incertidumbre\u201d.<\/p>\n<p>Ampli\u00f3 la concejal de la ACT que \u201chay una parte de la sociedad que lo ve con esperanza y otra parte que lo ve con cierto miedo por lo que va a venir porque es algo desconocido, no estamos acostumbrados a este tipo de gobierno\u2026 en lo personal lo tomo con cierto temor pero hay que esperar qu\u00e9 medidas de las que anunci\u00f3 Javier Milei llevar\u00e1 adelante y cu\u00e1les dejar\u00e1 el pueblo que se lleven adelante, pero con la esperanza de que tenga un gran gobierno\u201d.<\/p>\n","protected":false},"excerpt":{"rendered":"<p>As\u00ed declar\u00f3 la concejal de la Agrupaci\u00f3n Comunal Transformadora, Mariela Maceiro, quien prontamente cumple dos a\u00f1os de experiencia legislativa en el Honorable Concejo Deliberante de Necochea. Lo hizo ante la consulta period\u00edstica de Jorge G\u00f3mez en \u201cVoces de la Ciudad\u201d. Quien proviene del mundo de la docencia defini\u00f3 acerca del HCD que \u201ces una experiencia [&hellip;]<\/p>\n","protected":false},"author":3,"featured_media":104801,"comment_status":"open","ping_status":"open","sticky":false,"template":"","format":"standard","meta":{"footnotes":""},"categories":[3],"tags":[],"class_list":["post-104800","post","type-post","status-publish","format-standard","has-post-thumbnail","category-masnoticias"],"_links":{"self":[{"href":"https:\/\/primicias2262.com\/noticias\/wp-json\/wp\/v2\/posts\/104800","targetHints":{"allow":["GET"]}}],"collection":[{"href":"https:\/\/primicias2262.com\/noticias\/wp-json\/wp\/v2\/posts"}],"about":[{"href":"https:\/\/primicias2262.com\/noticias\/wp-json\/wp\/v2\/types\/post"}],"author":[{"embeddable":true,"href":"https:\/\/primicias2262.com\/noticias\/wp-json\/wp\/v2\/users\/3"}],"replies":[{"embeddable":true,"href":"https:\/\/primicias2262.com\/noticias\/wp-json\/wp\/v2\/comments?post=104800"}],"version-history":[{"count":2,"href":"https:\/\/primicias2262.com\/noticias\/wp-json\/wp\/v2\/posts\/104800\/revisions"}],"predecessor-version":[{"id":104821,"href":"https:\/\/primicias2262.com\/noticias\/wp-json\/wp\/v2\/posts\/104800\/revisions\/104821"}],"wp:featuredmedia":[{"embeddable":true,"href":"https:\/\/primicias2262.com\/noticias\/wp-json\/wp\/v2\/media\/104801"}],"wp:attachment":[{"href":"https:\/\/primicias2262.com\/noticias\/wp-json\/wp\/v2\/media?parent=104800"}],"wp:term":[{"taxonomy":"category","embeddable":true,"href":"https:\/\/primicias2262.com\/noticias\/wp-json\/wp\/v2\/categories?post=104800"},{"taxonomy":"post_tag","embeddable":true,"href":"https:\/\/primicias2262.com\/noticias\/wp-json\/wp\/v2\/tags?post=104800"}],"curies":[{"name":"wp","href":"https:\/\/api.w.org\/{rel}","templated":true}]}}