{"id":104811,"date":"2023-11-23T17:15:36","date_gmt":"2023-11-23T17:15:36","guid":{"rendered":"https:\/\/primicias2262.com\/noticias\/?p=104811"},"modified":"2023-11-24T17:38:00","modified_gmt":"2023-11-24T17:38:00","slug":"egidio-mailland-fue-ratificado-como-presidente-de-la-cooperativa-agropecuaria-gral-necochea","status":"publish","type":"post","link":"https:\/\/primicias2262.com\/noticias\/egidio-mailland-fue-ratificado-como-presidente-de-la-cooperativa-agropecuaria-gral-necochea\/","title":{"rendered":"Egidio Mailland fue ratificado como presidente de la Cooperativa Agropecuaria Gral Necochea"},"content":{"rendered":"<p><strong>El dirigente rural, Egidio Mailland, fue ratificado el s\u00e1bado anterior en la asamblea de la Cooperativa Agropecuaria General Necochea como presidente de la misma, tras el respaldo expresado por el consejo de administraci\u00f3n.<\/strong><\/p>\n<p>En di\u00e1logo al respecto con el periodista Jorge G\u00f3mez en \u201cVoces de la Viudad\u201d, Mailland se expres\u00f3 agradecido. \u201cLos muchachos no quieren cambios por ahora y ah\u00ed seguimos por otro a\u00f1o m\u00e1s, siempre estoy muy agradecido por la confianza que me dan para conducir la entidad\u201d.<\/p>\n<p>Por supuesto fue consultado sobre el nuevo contexto nacional con Javier Milei como presidente electo, acerca de lo que respondi\u00f3 con ocurrencia: \u201cHay una frase que dec\u00eda un maestro que tuve en ACA, que dec\u00eda que en estos casos con la situaci\u00f3n que vive el pa\u00eds es urgente esperar\u2026 as\u00ed que estamos en esa todo el sector empresario argentino y el campo, viendo para qu\u00e9 lado se acomodan los melones. Hay gran expectativa, estamos contentos que viene el cambio y ojala que sea as\u00ed\u201d.<\/p>\n<p>En cuanto a las cosechas fina y gruesa en Necochea y la regi\u00f3n, se\u00f1al\u00f3 que \u201csalvo una zona peque\u00f1a donde complic\u00f3 mucho la seca y no se pudo sembrar bien los trigos, el resto anda bien. No se ve da\u00f1o, al contrario, se ve un cultivo formidable en su estado para Necochea y la zona y gracias a Dios vamos hacia una fina muy buena de trigo y cebada\u201d.<\/p>\n<p>\u201cLos veo colorear cada vez m\u00e1s r\u00e1pidos a los lotes, aunque Necochea tiene la particularidad de las noches frescas y eso es muy bueno tambi\u00e9n porque atrasa un poco, as\u00ed que viene todo normal y muy bien\u201d, concluy\u00f3.<\/p>\n","protected":false},"excerpt":{"rendered":"<p>El dirigente rural, Egidio Mailland, fue ratificado el s\u00e1bado anterior en la asamblea de la Cooperativa Agropecuaria General Necochea como presidente de la misma, tras el respaldo expresado por el consejo de administraci\u00f3n. En di\u00e1logo al respecto con el periodista Jorge G\u00f3mez en \u201cVoces de la Viudad\u201d, Mailland se expres\u00f3 agradecido. \u201cLos muchachos no quieren [&hellip;]<\/p>\n","protected":false},"author":3,"featured_media":103010,"comment_status":"open","ping_status":"open","sticky":false,"template":"","format":"standard","meta":{"footnotes":""},"categories":[3],"tags":[],"class_list":["post-104811","post","type-post","status-publish","format-standard","has-post-thumbnail","category-masnoticias"],"_links":{"self":[{"href":"https:\/\/primicias2262.com\/noticias\/wp-json\/wp\/v2\/posts\/104811","targetHints":{"allow":["GET"]}}],"collection":[{"href":"https:\/\/primicias2262.com\/noticias\/wp-json\/wp\/v2\/posts"}],"about":[{"href":"https:\/\/primicias2262.com\/noticias\/wp-json\/wp\/v2\/types\/post"}],"author":[{"embeddable":true,"href":"https:\/\/primicias2262.com\/noticias\/wp-json\/wp\/v2\/users\/3"}],"replies":[{"embeddable":true,"href":"https:\/\/primicias2262.com\/noticias\/wp-json\/wp\/v2\/comments?post=104811"}],"version-history":[{"count":2,"href":"https:\/\/primicias2262.com\/noticias\/wp-json\/wp\/v2\/posts\/104811\/revisions"}],"predecessor-version":[{"id":104826,"href":"https:\/\/primicias2262.com\/noticias\/wp-json\/wp\/v2\/posts\/104811\/revisions\/104826"}],"wp:featuredmedia":[{"embeddable":true,"href":"https:\/\/primicias2262.com\/noticias\/wp-json\/wp\/v2\/media\/103010"}],"wp:attachment":[{"href":"https:\/\/primicias2262.com\/noticias\/wp-json\/wp\/v2\/media?parent=104811"}],"wp:term":[{"taxonomy":"category","embeddable":true,"href":"https:\/\/primicias2262.com\/noticias\/wp-json\/wp\/v2\/categories?post=104811"},{"taxonomy":"post_tag","embeddable":true,"href":"https:\/\/primicias2262.com\/noticias\/wp-json\/wp\/v2\/tags?post=104811"}],"curies":[{"name":"wp","href":"https:\/\/api.w.org\/{rel}","templated":true}]}}