{"id":104814,"date":"2023-11-23T17:23:47","date_gmt":"2023-11-23T17:23:47","guid":{"rendered":"https:\/\/primicias2262.com\/noticias\/?p=104814"},"modified":"2023-11-24T18:16:21","modified_gmt":"2023-11-24T18:16:21","slug":"la-cooperadora-del-irurzun-avanza-con-equipos-de-aire-acondicionado-en-el-hospital-y-obras-en-los-banos","status":"publish","type":"post","link":"https:\/\/primicias2262.com\/noticias\/la-cooperadora-del-irurzun-avanza-con-equipos-de-aire-acondicionado-en-el-hospital-y-obras-en-los-banos\/","title":{"rendered":"La cooperadora del Irurzun avanza con equipos de aire acondicionado en el hospital y obras en los ba\u00f1os"},"content":{"rendered":"<p><strong>El secretario de la Asociaci\u00f3n Civil Fomento por la Salud del Hospital Irurzun de Quequ\u00e9n, Jorge Salazar, visit\u00f3 los estudios de \u201cVoces de la Ciudad\u201d y adem\u00e1s de hablar del presente de la cooperadora record\u00f3 por supuesto con mucha emoci\u00f3n a Pascual Corapi, uno de los impulsores de la asociaci\u00f3n.<\/strong><\/p>\n<p>Durante la nota realizada por el periodista Jorge G\u00f3mez, Salazar confirm\u00f3 que recibieron una donaci\u00f3n de parte de los integrantes de la Pe\u00f1a de mus Ismael Ortiz, durante el desarrollo de la Copa Sociedad Espa\u00f1ola \u2013 140 a\u00f1os, y se trata de un equipo de aire acondicionado de 3550 vattios para el hospital mediante la cooperadora.<\/p>\n<p>Explic\u00f3 el secretario de la Asociaci\u00f3n Civil que \u201cnosotros hab\u00edamos fijado pautas de trabajo en el hospital, cuando empezamos hace un a\u00f1o nos quer\u00edamos llevar todo por delante y hacer todo a la vez por la ansiedad, pero ahora vamos despacio con las cosas para que se vayan cumpliendo\u201d.<\/p>\n<p>Seguidamente se\u00f1al\u00f3 que \u201cten\u00edamos que instalar tres equipos de aire en el hospital, dos en la sala de Internaci\u00f3n, que ya est\u00e1n colocados, y nos solicitaron otro para el Quir\u00f3fano. Empezamos a averiguar en varias empresas y apareci\u00f3 esta gente de la pe\u00f1a del mus de Estaci\u00f3n Quequ\u00e9n mediante Jos\u00e9 Luis Ortiz y la Sociedad Espa\u00f1ola, que se ofreci\u00f3 a comprar el equipo\u201d.<\/p>\n<p>En cuanto a otras prioridades para el nosocomio, Salazar report\u00f3 que \u201cestaban clausurados los ba\u00f1os de ingreso porque estaban destruidos y entonces se arreglaron los servicios de cloacas y agua corriente y ahora se est\u00e1 haciendo todo el interior con termofusi\u00f3n, por lo que los ba\u00f1os est\u00e1n en un 50% avanzados en la obra\u201d.<\/p>\n<p>En ese sentido, destac\u00f3 que se cuenta con la colaboraci\u00f3n de la Municipalidad de Necochea, \u201cque pone la mano de obra y nosotros le aportamos los materiales que la gente, empresas o sindicatos, como el de Aceiteros con Alfredo Giuliano, tambi\u00e9n nos aportan\u201d, valor\u00f3.<\/p>\n<p>Finalmente, Salazar inform\u00f3 que \u201ctuvimos nuestra primera asamblea ordinaria, hemos presentado todos los balances desde 2017 e hicimos la primera asamblea para ponerlo en funciones como presidente a Carlos Orcoyen. Le\u00edmos el acta, nos pusimos a hablar de Pascual (Corapi) y nos pusimos a llorar: es nuestro amigo y nos seguir\u00e1 iluminando por siempre\u201d.<\/p>\n","protected":false},"excerpt":{"rendered":"<p>El secretario de la Asociaci\u00f3n Civil Fomento por la Salud del Hospital Irurzun de Quequ\u00e9n, Jorge Salazar, visit\u00f3 los estudios de \u201cVoces de la Ciudad\u201d y adem\u00e1s de hablar del presente de la cooperadora record\u00f3 por supuesto con mucha emoci\u00f3n a Pascual Corapi, uno de los impulsores de la asociaci\u00f3n. Durante la nota realizada por [&hellip;]<\/p>\n","protected":false},"author":3,"featured_media":103573,"comment_status":"open","ping_status":"open","sticky":false,"template":"","format":"standard","meta":{"footnotes":""},"categories":[3],"tags":[],"class_list":["post-104814","post","type-post","status-publish","format-standard","has-post-thumbnail","category-masnoticias"],"_links":{"self":[{"href":"https:\/\/primicias2262.com\/noticias\/wp-json\/wp\/v2\/posts\/104814","targetHints":{"allow":["GET"]}}],"collection":[{"href":"https:\/\/primicias2262.com\/noticias\/wp-json\/wp\/v2\/posts"}],"about":[{"href":"https:\/\/primicias2262.com\/noticias\/wp-json\/wp\/v2\/types\/post"}],"author":[{"embeddable":true,"href":"https:\/\/primicias2262.com\/noticias\/wp-json\/wp\/v2\/users\/3"}],"replies":[{"embeddable":true,"href":"https:\/\/primicias2262.com\/noticias\/wp-json\/wp\/v2\/comments?post=104814"}],"version-history":[{"count":1,"href":"https:\/\/primicias2262.com\/noticias\/wp-json\/wp\/v2\/posts\/104814\/revisions"}],"predecessor-version":[{"id":104815,"href":"https:\/\/primicias2262.com\/noticias\/wp-json\/wp\/v2\/posts\/104814\/revisions\/104815"}],"wp:featuredmedia":[{"embeddable":true,"href":"https:\/\/primicias2262.com\/noticias\/wp-json\/wp\/v2\/media\/103573"}],"wp:attachment":[{"href":"https:\/\/primicias2262.com\/noticias\/wp-json\/wp\/v2\/media?parent=104814"}],"wp:term":[{"taxonomy":"category","embeddable":true,"href":"https:\/\/primicias2262.com\/noticias\/wp-json\/wp\/v2\/categories?post=104814"},{"taxonomy":"post_tag","embeddable":true,"href":"https:\/\/primicias2262.com\/noticias\/wp-json\/wp\/v2\/tags?post=104814"}],"curies":[{"name":"wp","href":"https:\/\/api.w.org\/{rel}","templated":true}]}}