{"id":104822,"date":"2023-11-24T17:37:42","date_gmt":"2023-11-24T17:37:42","guid":{"rendered":"https:\/\/primicias2262.com\/noticias\/?p=104822"},"modified":"2023-11-29T16:35:22","modified_gmt":"2023-11-29T16:35:22","slug":"el-circulo-anuncio-menciones-y-reconocimientos-para-la-ceremonia-del-7-de-diciembre","status":"publish","type":"post","link":"https:\/\/primicias2262.com\/noticias\/el-circulo-anuncio-menciones-y-reconocimientos-para-la-ceremonia-del-7-de-diciembre\/","title":{"rendered":"El C\u00edrculo anunci\u00f3 Menciones y Reconocimientos para la ceremonia del 7 de diciembre"},"content":{"rendered":"<p><strong>El C\u00edrculo de Periodistas Deportivos de Necochea da a conocer un primer listado de deportistas e instituciones que ser\u00e1n premiados en el Teatro Toledo el jueves 7 a partir de las 19.<\/strong><\/p>\n<p>Comienza a palpitarse la 24ta edici\u00f3n de la Gran Fiesta del Deporte \u201cJuan Alberto Poteca\u201d, al conocerse por parte del C\u00edrculo de Periodistas Deportivos de la ciudad los primeros nombres que ser\u00e1n premiados con Menciones y Reconocimientos en la ceremonia del jueves 7 de diciembre en el Teatro Toledo.<\/p>\n<p><strong>Si bien todav\u00eda se ir\u00e1n sumando m\u00e1s premiados, el C\u00edrculo da a conocer los ya confirmados:<\/strong><\/p>\n<p><strong>Menciones:<\/strong><\/p>\n<ul>\n<li>MTB de la Costa Necochea Quequ\u00e9n<\/li>\n<li>Metasado \u2013 b\u00e1squetbol<\/li>\n<li>Magal\u00ed Fazzi \u2013 rugby<\/li>\n<li>Asociaci\u00f3n Civil \u201cTodos al Agua\u201d<\/li>\n<li>Oscar Cazabat<\/li>\n<li>Enrique Gallinotti<\/li>\n<li>Selecci\u00f3n Femenina de F\u00fatbol de la Municipalidad<\/li>\n<li>Subcomisi\u00f3n v\u00f3ley de Hurac\u00e1n \u2013 10\u00ba Open Neco<\/li>\n<li>Laferrere campe\u00f3n de LIFA (Liga Independiente F\u00fatbol Amateur)<\/li>\n<li>Mataderos campe\u00f3n de la Liga local de F\u00fatbol Senior<\/li>\n<li>Evelyn Gontier &#8211; surf<\/li>\n<li>Departamento de Prensa del Club Mataderos<\/li>\n<li>Candela Bonaura, salvamento deportivo<\/li>\n<li>Zoe Schutten, gimnasta<\/li>\n<li>Mart\u00edn Tr\u00edpano, juez internacional de canotaje<\/li>\n<li>H\u00e9ctor \u201cNito\u201d Escobar<\/li>\n<li>Oros en Juegos Bonaerenses: Anabella Hern\u00e1ndez, Juan Ignacio C\u00e1rdenas, Danilo Maletti, Agust\u00edn Sosa, Denise Ludue\u00f1a y Gaspar C\u00f3rdoba<\/li>\n<\/ul>\n<p><strong>Reconocimientos:<\/strong><\/p>\n<ul>\n<li>Marcos Richards Meana<\/li>\n<li>Ciro Garc\u00eda Go\u00f1i<\/li>\n<li>Axel Jacobsen<\/li>\n<li>Luz Cassini<\/li>\n<li>Nerea Castiglione<\/li>\n<li>Juana Casais Knudsen<\/li>\n<li>Agustina Arista<\/li>\n<li>Sergio Ramos<\/li>\n<li>Claudia Marina Serrano<\/li>\n<\/ul>\n<p>Vale destacar que Menciones y Reconocimientos premia a todos aquellos deportistas o instituciones que no est\u00e1n enmarcados en las ternas. <strong>Menciones<\/strong> engloba a deportistas actuales y del pasado, equipos que se destacaron durante el a\u00f1o en determinada disciplina, figuras y actores del deporte actual e instituciones; o bien a glorias individuales y colectivas del deporte necochense; mientras que <strong>Reconocimientos<\/strong> premia lo hecho por deportistas en actividad que son necochenses pero que compiten fuera de la ciudad o representan a una entidad que no es local.<\/p>\n<p><a href=\"https:\/\/primicias2262.com\/noticias\/wp-content\/uploads\/2023\/11\/Menciones-y-Reconocimientos-ARCHIVO2.jpg\"><img loading=\"lazy\" decoding=\"async\" class=\"aligncenter size-full wp-image-104824\" src=\"https:\/\/primicias2262.com\/noticias\/wp-content\/uploads\/2023\/11\/Menciones-y-Reconocimientos-ARCHIVO2.jpg\" alt=\"\" width=\"880\" height=\"512\" srcset=\"https:\/\/primicias2262.com\/noticias\/wp-content\/uploads\/2023\/11\/Menciones-y-Reconocimientos-ARCHIVO2.jpg 880w, https:\/\/primicias2262.com\/noticias\/wp-content\/uploads\/2023\/11\/Menciones-y-Reconocimientos-ARCHIVO2-300x175.jpg 300w, https:\/\/primicias2262.com\/noticias\/wp-content\/uploads\/2023\/11\/Menciones-y-Reconocimientos-ARCHIVO2-768x447.jpg 768w, https:\/\/primicias2262.com\/noticias\/wp-content\/uploads\/2023\/11\/Menciones-y-Reconocimientos-ARCHIVO2-150x87.jpg 150w, https:\/\/primicias2262.com\/noticias\/wp-content\/uploads\/2023\/11\/Menciones-y-Reconocimientos-ARCHIVO2-696x405.jpg 696w\" sizes=\"auto, (max-width: 880px) 100vw, 880px\" \/><\/a>Se recuerda adem\u00e1s, que <strong>la entrega de los premios \u201cPuente Colgante\u201d ser\u00e1 la semana siguiente, el jueves 14 de diciembre en el Sal\u00f3n de Fiestas del Club Del Valle<\/strong>, donde habr\u00e1 m\u00e1s de 30 ternas, invitados especiales y se conocer\u00e1 al o la Deportista del A\u00f1o 2023 para el C\u00edrculo de Periodistas Deportivos de Necochea.<\/p>\n","protected":false},"excerpt":{"rendered":"<p>El C\u00edrculo de Periodistas Deportivos de Necochea da a conocer un primer listado de deportistas e instituciones que ser\u00e1n premiados en el Teatro Toledo el jueves 7 a partir de las 19. Comienza a palpitarse la 24ta edici\u00f3n de la Gran Fiesta del Deporte \u201cJuan Alberto Poteca\u201d, al conocerse por parte del C\u00edrculo de Periodistas [&hellip;]<\/p>\n","protected":false},"author":3,"featured_media":104823,"comment_status":"open","ping_status":"open","sticky":false,"template":"","format":"standard","meta":{"footnotes":""},"categories":[3],"tags":[],"class_list":["post-104822","post","type-post","status-publish","format-standard","has-post-thumbnail","category-masnoticias"],"_links":{"self":[{"href":"https:\/\/primicias2262.com\/noticias\/wp-json\/wp\/v2\/posts\/104822","targetHints":{"allow":["GET"]}}],"collection":[{"href":"https:\/\/primicias2262.com\/noticias\/wp-json\/wp\/v2\/posts"}],"about":[{"href":"https:\/\/primicias2262.com\/noticias\/wp-json\/wp\/v2\/types\/post"}],"author":[{"embeddable":true,"href":"https:\/\/primicias2262.com\/noticias\/wp-json\/wp\/v2\/users\/3"}],"replies":[{"embeddable":true,"href":"https:\/\/primicias2262.com\/noticias\/wp-json\/wp\/v2\/comments?post=104822"}],"version-history":[{"count":2,"href":"https:\/\/primicias2262.com\/noticias\/wp-json\/wp\/v2\/posts\/104822\/revisions"}],"predecessor-version":[{"id":104861,"href":"https:\/\/primicias2262.com\/noticias\/wp-json\/wp\/v2\/posts\/104822\/revisions\/104861"}],"wp:featuredmedia":[{"embeddable":true,"href":"https:\/\/primicias2262.com\/noticias\/wp-json\/wp\/v2\/media\/104823"}],"wp:attachment":[{"href":"https:\/\/primicias2262.com\/noticias\/wp-json\/wp\/v2\/media?parent=104822"}],"wp:term":[{"taxonomy":"category","embeddable":true,"href":"https:\/\/primicias2262.com\/noticias\/wp-json\/wp\/v2\/categories?post=104822"},{"taxonomy":"post_tag","embeddable":true,"href":"https:\/\/primicias2262.com\/noticias\/wp-json\/wp\/v2\/tags?post=104822"}],"curies":[{"name":"wp","href":"https:\/\/api.w.org\/{rel}","templated":true}]}}