{"id":104832,"date":"2023-11-24T17:28:05","date_gmt":"2023-11-24T17:28:05","guid":{"rendered":"https:\/\/primicias2262.com\/noticias\/?p=104832"},"modified":"2023-11-27T18:32:07","modified_gmt":"2023-11-27T18:32:07","slug":"se-capacito-a-personal-de-control-de-admision-en-nocturnidad-y-permanencia","status":"publish","type":"post","link":"https:\/\/primicias2262.com\/noticias\/se-capacito-a-personal-de-control-de-admision-en-nocturnidad-y-permanencia\/","title":{"rendered":"Se capacit\u00f3 a personal de control de admisi\u00f3n en nocturnidad y permanencia"},"content":{"rendered":"<p><strong>Con la coordinaci\u00f3n y organizaci\u00f3n conjunta de la Direcci\u00f3n de Control Urbano municipal y el Sindicato \u00danico de Trabajadores de Control de Admisi\u00f3n y Permanencia de Argentina (SUTCAPRA), se desarroll\u00f3 una jornada de capacitaci\u00f3n en el Sal\u00f3n de Actos de la comuna para el personal abocado al trabajo en nocturnidad.<\/strong><\/p>\n<p>El titular de dicha \u00e1rea municipal que depende de la Secretar\u00eda de Gobierno, Juan Laportilla, especific\u00f3 que \u201cfue una jornada de capacitaci\u00f3n para el personal de control de admisi\u00f3n y permanencia, establecido por la Ley Nacional 26370, en la que se marcan cu\u00e1les son los requisitos y cu\u00e1les las capacitaciones que tiene que tener este personal para poder trabajar\u201d.<\/p>\n<p>En ese orden, inform\u00f3 el funcionario que \u201cse convoc\u00f3 a los distintos actores de la noche, que nos pusieron de manifiesto que estaban de acuerdo en realizar la capacitaci\u00f3n junto a SUTCAPRA, que es el sindicato que nuclea esta actividad\u201d, tras lo cual asegur\u00f3 que \u201cfue una jornada intensiva de m\u00e1s de tres horas, muy fruct\u00edfera y muy bien recibida por todos los actores que est\u00e1n en este rubro\u201d.<\/p>\n<figure class=\"wp-block-image size-full\"><img loading=\"lazy\" decoding=\"async\" class=\"wp-image-82358\" src=\"https:\/\/necochea.gov.ar\/wp-content\/uploads\/2023\/11\/24-11-FOTO-capacitacion-nocturnidad2.jpeg\" alt=\"\" width=\"1600\" height=\"901\" \/><\/figure>\n<p>La jornada cont\u00f3 con la destacada disertaci\u00f3n de N\u00e9stor Villalba, quien es instructor de Formaci\u00f3n Profesional Nacional. \u201cPudimos abordar el tema y ofrecer una alternativa a algo que nunca se hab\u00eda hecho en Necochea, y que era muy necesario porque las personas que ejercen esta actividad no ten\u00edan un control de capacitaciones\u201d, subray\u00f3 Laportilla.<\/p>\n<p>El director de Control Urbano valor\u00f3 el respaldo del intendente Arturo Rojas y del secretario de Gobierno Jorge Mart\u00ednez para propiciar este tipo de capacitaci\u00f3n, resaltando que \u201cesto es muy importante tanto para nosotros como para el personal de nocturnidad, ya que tendr\u00e1n esta herramienta para despu\u00e9s estar inscriptos en los registros correspondientes que exigen la ley nacional y nuestras ordenanzas municipales, y eso es fundamental\u201d.<\/p>\n<figure class=\"wp-block-image size-full\"><img loading=\"lazy\" decoding=\"async\" class=\"wp-image-82362\" src=\"https:\/\/necochea.gov.ar\/wp-content\/uploads\/2023\/11\/FOTO-Juan-Laportilla.jpeg\" alt=\"\" width=\"1600\" height=\"1066\" \/><figcaption class=\"wp-element-caption\">Director de Control Urbano, Juan Laportilla<\/figcaption><\/figure>\n<p>Finalmente, Laportilla manifest\u00f3 que \u201cen todo lo que es la actividad nocturna tenemos un control bastante exhaustivo con medidas de seguridad, inspecciones de bomberos actualizadas, seguros correspondientes y que cumplan adem\u00e1s con las exigencias de salidas de emergencia, porque sabemos que Necochea es una ciudad de mucha afluencia tur\u00edstica y tenemos que poner el foco\u00a0 en el control y el cuidado de los que vienen y de los vecinos\u201d.<\/p>\n","protected":false},"excerpt":{"rendered":"<p>Con la coordinaci\u00f3n y organizaci\u00f3n conjunta de la Direcci\u00f3n de Control Urbano municipal y el Sindicato \u00danico de Trabajadores de Control de Admisi\u00f3n y Permanencia de Argentina (SUTCAPRA), se desarroll\u00f3 una jornada de capacitaci\u00f3n en el Sal\u00f3n de Actos de la comuna para el personal abocado al trabajo en nocturnidad. El titular de dicha \u00e1rea [&hellip;]<\/p>\n","protected":false},"author":3,"featured_media":104833,"comment_status":"open","ping_status":"open","sticky":false,"template":"","format":"standard","meta":{"footnotes":""},"categories":[3],"tags":[],"class_list":["post-104832","post","type-post","status-publish","format-standard","has-post-thumbnail","category-masnoticias"],"_links":{"self":[{"href":"https:\/\/primicias2262.com\/noticias\/wp-json\/wp\/v2\/posts\/104832","targetHints":{"allow":["GET"]}}],"collection":[{"href":"https:\/\/primicias2262.com\/noticias\/wp-json\/wp\/v2\/posts"}],"about":[{"href":"https:\/\/primicias2262.com\/noticias\/wp-json\/wp\/v2\/types\/post"}],"author":[{"embeddable":true,"href":"https:\/\/primicias2262.com\/noticias\/wp-json\/wp\/v2\/users\/3"}],"replies":[{"embeddable":true,"href":"https:\/\/primicias2262.com\/noticias\/wp-json\/wp\/v2\/comments?post=104832"}],"version-history":[{"count":1,"href":"https:\/\/primicias2262.com\/noticias\/wp-json\/wp\/v2\/posts\/104832\/revisions"}],"predecessor-version":[{"id":104834,"href":"https:\/\/primicias2262.com\/noticias\/wp-json\/wp\/v2\/posts\/104832\/revisions\/104834"}],"wp:featuredmedia":[{"embeddable":true,"href":"https:\/\/primicias2262.com\/noticias\/wp-json\/wp\/v2\/media\/104833"}],"wp:attachment":[{"href":"https:\/\/primicias2262.com\/noticias\/wp-json\/wp\/v2\/media?parent=104832"}],"wp:term":[{"taxonomy":"category","embeddable":true,"href":"https:\/\/primicias2262.com\/noticias\/wp-json\/wp\/v2\/categories?post=104832"},{"taxonomy":"post_tag","embeddable":true,"href":"https:\/\/primicias2262.com\/noticias\/wp-json\/wp\/v2\/tags?post=104832"}],"curies":[{"name":"wp","href":"https:\/\/api.w.org\/{rel}","templated":true}]}}