{"id":104843,"date":"2023-11-27T18:48:05","date_gmt":"2023-11-27T18:48:05","guid":{"rendered":"https:\/\/primicias2262.com\/noticias\/?p=104843"},"modified":"2023-11-29T16:21:10","modified_gmt":"2023-11-29T16:21:10","slug":"rojas-revalorizo-la-eleccion-de-nueva-necochea-y-se-refirio-a-la-incertidumbre-que-reina-pos-balotaje","status":"publish","type":"post","link":"https:\/\/primicias2262.com\/noticias\/rojas-revalorizo-la-eleccion-de-nueva-necochea-y-se-refirio-a-la-incertidumbre-que-reina-pos-balotaje\/","title":{"rendered":"Rojas revaloriz\u00f3 la elecci\u00f3n de Nueva Necochea y se refiri\u00f3 a la incertidumbre que reina pos balotaje"},"content":{"rendered":"<p><strong>En una visita a los estudios de \u201cVoces de la Ciudad\u201d, el intendente Arturo Rojas dialog\u00f3 con el periodista Jorge G\u00f3mez, donde fij\u00f3 una mirada local sobre las \u00faltimas elecciones y por supuesto se refiri\u00f3 a la situaci\u00f3n pos triunfo electoral del libertario Javier Milei.<\/strong><\/p>\n<p>Antes que nada, Rojas subray\u00f3 que \u201cquiero revalorizar la elecci\u00f3n nuestra, en la que si no hubi\u00e9ramos tenido la cantidad de votos nulos hubi\u00e9ramos estado superando un 55%, cuando quedamos en alrededor de un 50%&#8230; mir\u00e1ndolo a la distancia, para un partido vecinal y plural en una elecci\u00f3n nacional sumamente rara con mucha decisi\u00f3n de la gente de cambio por la bronca y varios factores, es muy bueno y hay que volver a revalorizar lo local\u201d.<\/p>\n<p>Argument\u00f3 adem\u00e1s que \u201ccuando uno mira la elecci\u00f3n de los municipios vecinalistas, algunos ganaron por dos o tres puntos, pero nosotros le sacamos al segundo 35 puntos de diferencia, algo hist\u00f3rico para el distrito de Necochea, y hay que revalorizarlo. La gente a\u00fan en un contexto de cambio como se vio en el balotaje revaloriz\u00f3 lo local y eso es positivo para los pr\u00f3ximos cuatro a\u00f1os que vienen\u201d.<\/p>\n<p>De todas maneras, Rojas se hab\u00eda expresado claramente a favor de la candidatura de Sergio Masssa, creyendo que el modelo planteado por el candidato de Uni\u00f3n por la Patria se ajustaban mucho m\u00e1s a la realidad del distrito que las de Libertad Avanza. \u201cLo de Milei presidente todav\u00eda es una incertidumbre, mucho se habla y se dice, pero no te pod\u00e9s guiar mucho por lo que dice \u00e9l porque cuando mir\u00e1s a lo largo de la campa\u00f1a ha dicho A y en el transcurso de los d\u00edas te dice Zeta\u2026dice una cosa una semana y a los dos d\u00edas est\u00e1 diciendo absolutamente otra\u201d.<\/p>\n<p>Se\u00f1al\u00f3 seguidamente que \u201ces la primera vez que se ve un presidente que llega sin estructura y pr\u00e1cticamente en soledad, pero con un gran apoyo popular que no se ha visto en el mundo. Ahora veremos cu\u00e1l es el resultado de todo esto, porque sin haber asumido estamos viendo a un espacio pol\u00edtico que pr\u00e1cticamente tiene la famosa casta adentro. Hay funcionarios que tienen 30 a\u00f1os de trabajo, entonces se genera una situaci\u00f3n de incertidumbre donde nos tendremos que adaptar\u201d.<\/p>\n<p>En ese marco, Rojas pidi\u00f3 \u201cdefender lo nuestro: las gestiones que venimos haciendo, tenemos un municipio ordenado, aunque no tenemos autonom\u00eda los municipios de la Provincia de Buenos Aires, que es algo que se va a empezar a reclamar m\u00e1s fuertemente porque en una cuesti\u00f3n de equilibrio fiscal, al no tener independencia econ\u00f3mica son muchos los tributos que no se pueden aprovechar\u2026 lo que se produce en t\u00e9rminos de impuestos y producci\u00f3n en nuestro distrito es much\u00edsimo m\u00e1s de lo que viene. Sacamos n\u00fameros y viene un porcentaje muy chiquito por el formato de la coparticipaci\u00f3n tanto en impuestos provinciales como nacionales, entonces habr\u00e1 que tener una discusi\u00f3n en ese sentido porque\u201d.<\/p>\n<p><strong>\u201cPandemia pol\u00edtica\u201d<\/strong><\/p>\n<p>Asimismo, hizo una analog\u00eda entre la situaci\u00f3n del Covid y la actual de la pol\u00edtica. \u201cAl principio de la gesti\u00f3n anterior tuvimos una pandemia mundial, y en este caso una cuesti\u00f3n o pandemia pol\u00edtica, que es una situaci\u00f3n de incertidumbre y desconocimiento. El Covid era incertidumbre al principio y en el transcurso del tiempo nos fuimos adaptando y conociendo, y hoy es pr\u00e1cticamente lo mismo, pero en t\u00e9rminos pol\u00edticos\u201d.<\/p>\n<p>Ampli\u00f3 en ese sentido que \u201cpor un lado te dicen que se va a cerrar toda la obra p\u00fablica, lo cual es un grueso error\u2026 y ahora veremos c\u00f3mo se reacomodan los temas. Yo antes de las elecciones manifest\u00e9 que de los dos modelos que se planteaban de pa\u00eds, del modelo libertario de Milei que se propon\u00eda en campa\u00f1a no comparto nada, pero ahora se genera una situaci\u00f3n de incertidumbre porque no sabemos lo que va a hacer\u201d.<\/p>\n<p>El Intendente afirm\u00f3 que cree en un estado m\u00e1s moderno que vaya garantizando servicios y que tenga la din\u00e1mica que la gente quiere. \u201cEso pas\u00f3 en nuestro distrito, a\u00fan con pandemia y crisis econ\u00f3mica de por medio demostramos que no hab\u00eda que eliminar el Estado Municipal, sino hacerlo m\u00e1s eficiente y que fijara prioridades para ponerlo de pie, y eso se puede trasladar al Estado nacional, por eso no creo en un Estado que se retire absolutamente y deje todo en manos del mercado y de los privados\u201d, puntualiz\u00f3.<\/p>\n<p>No obstante, Rojas insisti\u00f3 en que \u201chabr\u00e1 que esperar, pero le deseo que le vaya bien al presidente porque en el medio estamos todos los argentinos y el voto a Milei ha sido transversal a todas las clases sociales y edades\u201d.<\/p>\n","protected":false},"excerpt":{"rendered":"<p>En una visita a los estudios de \u201cVoces de la Ciudad\u201d, el intendente Arturo Rojas dialog\u00f3 con el periodista Jorge G\u00f3mez, donde fij\u00f3 una mirada local sobre las \u00faltimas elecciones y por supuesto se refiri\u00f3 a la situaci\u00f3n pos triunfo electoral del libertario Javier Milei. Antes que nada, Rojas subray\u00f3 que \u201cquiero revalorizar la elecci\u00f3n [&hellip;]<\/p>\n","protected":false},"author":3,"featured_media":104330,"comment_status":"open","ping_status":"open","sticky":false,"template":"","format":"standard","meta":{"footnotes":""},"categories":[3],"tags":[],"class_list":["post-104843","post","type-post","status-publish","format-standard","has-post-thumbnail","category-masnoticias"],"_links":{"self":[{"href":"https:\/\/primicias2262.com\/noticias\/wp-json\/wp\/v2\/posts\/104843","targetHints":{"allow":["GET"]}}],"collection":[{"href":"https:\/\/primicias2262.com\/noticias\/wp-json\/wp\/v2\/posts"}],"about":[{"href":"https:\/\/primicias2262.com\/noticias\/wp-json\/wp\/v2\/types\/post"}],"author":[{"embeddable":true,"href":"https:\/\/primicias2262.com\/noticias\/wp-json\/wp\/v2\/users\/3"}],"replies":[{"embeddable":true,"href":"https:\/\/primicias2262.com\/noticias\/wp-json\/wp\/v2\/comments?post=104843"}],"version-history":[{"count":1,"href":"https:\/\/primicias2262.com\/noticias\/wp-json\/wp\/v2\/posts\/104843\/revisions"}],"predecessor-version":[{"id":104844,"href":"https:\/\/primicias2262.com\/noticias\/wp-json\/wp\/v2\/posts\/104843\/revisions\/104844"}],"wp:featuredmedia":[{"embeddable":true,"href":"https:\/\/primicias2262.com\/noticias\/wp-json\/wp\/v2\/media\/104330"}],"wp:attachment":[{"href":"https:\/\/primicias2262.com\/noticias\/wp-json\/wp\/v2\/media?parent=104843"}],"wp:term":[{"taxonomy":"category","embeddable":true,"href":"https:\/\/primicias2262.com\/noticias\/wp-json\/wp\/v2\/categories?post=104843"},{"taxonomy":"post_tag","embeddable":true,"href":"https:\/\/primicias2262.com\/noticias\/wp-json\/wp\/v2\/tags?post=104843"}],"curies":[{"name":"wp","href":"https:\/\/api.w.org\/{rel}","templated":true}]}}