{"id":104845,"date":"2023-11-28T11:43:55","date_gmt":"2023-11-28T11:43:55","guid":{"rendered":"https:\/\/primicias2262.com\/noticias\/?p=104845"},"modified":"2023-11-29T17:05:07","modified_gmt":"2023-11-29T17:05:07","slug":"el-reelecto-intendente-arturo-rojas-jurara-el-lunes-11-de-diciembre","status":"publish","type":"post","link":"https:\/\/primicias2262.com\/noticias\/el-reelecto-intendente-arturo-rojas-jurara-el-lunes-11-de-diciembre\/","title":{"rendered":"El reelecto intendente Arturo Rojas jurar\u00e1 el lunes 11 de diciembre"},"content":{"rendered":"<p><strong>El acto se producir\u00e1 tras la sesi\u00f3n preparatoria del Concejo Deliberante de Necochea en la que jurar\u00e1n, ese mismo d\u00eda y a partir de las 19, los 10 concejales que fueron electos en el comicio general local realizado el pasado domingo 22 de octubre, consecuencia de la renovaci\u00f3n de la mitad de la composici\u00f3n del cuerpo de ediles. Adem\u00e1s, en esta ocasi\u00f3n se elegir\u00e1n las nuevas autoridades del HCD.<\/strong><\/p>\n<p><strong>Por Jorge G\u00f3mez<\/strong><\/p>\n<p>El pr\u00f3ximo lunes 11 de diciembre a partir de las 19 se realizar\u00e1 en el Concejo Deliberante de Necochea la sesi\u00f3n preparatoria en la que jurar\u00e1n los 10 concejales que fueran electos en las elecciones generales realizadas en nuestro distrito el pasado domingo 22 de octubre -o sea que se renovar\u00e1 la mitad de la actual composici\u00f3n del HCD-, ocasi\u00f3n en la que, acto seguido, y en la misma jornada, tambi\u00e9n prestar\u00e1 juramento el reelecto intendente municipal doctor Arturo Rojas.<\/p>\n<p>Los mandatos que comenzar\u00e1n a cumplirse desde esa fecha ser\u00e1n de cuatro a\u00f1os, extendi\u00e9ndose hasta diciembre de 2027.<\/p>\n<p>La fecha de diciembre de 2023 coincidir\u00e1, asimismo, con el cumplimiento de los 40 a\u00f1os de la restauraci\u00f3n y puesta en funcionamiento de las instituciones democr\u00e1ticas argentinas, tras la pasada dictadura militar.<\/p>\n<p>La jornada de realizaci\u00f3n de la sesi\u00f3n preparatoria del mes que viene fue confirmada por el actual presidente del Concejo necochense, el reelecto edil doctor Guillermo S\u00e1nchez.<\/p>\n<p>Tal sesi\u00f3n se constituir\u00e1 desde las 19 en el recinto del HCD y ser\u00e1 presidida por el concejal de mayor edad de la lista triunfante en los recientes comicios de octubre, en este caso el tambi\u00e9n reelecto edil del bloque de Nueva Necochea -Agrupaci\u00f3n Vecinal que gan\u00f3 la \u00faltima elecci\u00f3n municipal-, licenciado Bartolom\u00e9 Zubillaga.<\/p>\n<p>Actuar\u00e1 como secretario en este acto de jura el concejal de menor edad de la lista que result\u00f3 segunda en el comicio de octubre, el dirigente de la Libertad Avanza, Mariano Valiante.<\/p>\n<p>La ceremonia comenzar\u00e1 con el izamiento de la bandera nacional y continuar\u00e1 con la entonaci\u00f3n del Himno Nacional Argentino, tras lo cual se dar\u00e1 lectura a la nota de la Junta Electoral de la Provincia de Buenos Aires que informar\u00e1 la n\u00f3mina de los concejales electos el domingo 22 de octubre \u00faltimo.<\/p>\n<p>Se constituir\u00e1 una comisi\u00f3n de poderes -conformada por un representante de cada uno de los bloques pol\u00edticos-, produci\u00e9ndose un breve cuarto intermedio para observar la documental y los diplomas que se entregar\u00e1n en la ocasi\u00f3n.<\/p>\n<p>Finalizado el cuarto intermedio se dar\u00e1 lectura el acta de dicha comisi\u00f3n de poderes, procedi\u00e9ndose a la toma de juramento de los electos.<\/p>\n<p>Se recuerda que en nombre de la Agrupaci\u00f3n Vecinal Nueva Necochea estar\u00e1n jurando como ediles del partido de Necochea por cuatro a\u00f1os Guillermo S\u00e1nchez, Silvina Jensen, Marcelo Schwarz, Gabriela Espinoza y Bartolom\u00e9 Zubillaga; por La Libertad Avanza Mariano Valiante y Ver\u00f3nica Bibbo; por Uni\u00f3n por la Patria Juli\u00e1n Kristiansen y Evangelina Almada, y por Juntos por el Cambio el dirigente del radicalismo Rodrigo Yrigoyen.<\/p>\n<p>En la continuidad del programa, se proceder\u00e1 a la elecci\u00f3n del presidente, vicepresidente primero, vicepresidente segundo y secretario pol\u00edtico del Concejo Deliberante.<\/p>\n<p>Resuelta esta cuesti\u00f3n, se prev\u00e9 la posibilidad de convocarse a un breve cuarto intermedio para permitir el ingreso del doctor Arturo Rojas al recinto del HCD, oportunidad en que volver\u00e1 a jurar como intendente municipal de Necochea, en esta ocasi\u00f3n iniciando su segundo mandato consecutivo al frente del Departamento Ejecutivo comunal.<\/p>\n<p>Podr\u00eda utilizarse la ceremonia en cuesti\u00f3n para que tanto el electo presidente del Deliberante -todos los datos dan cuenta de la posible continuidad de Guillermo S\u00e1nchez al frente de este Departamento municipal- como el intendente Rojas opten por brindar palabras y conceptos alusivos al acontecimiento.<\/p>\n<p>Dada la renovaci\u00f3n de concejales, el oficialismo de Nueva Necochea continuar\u00e1 siendo la primera minor\u00eda, ocupando 8 bancas. Los 5 dirigentes que estar\u00e1n jurando el lunes 11 de diciembre y teniendo la continuidad -mandato hasta diciembre de 2025- de los ediles Bernardo Am\u00edlcar, Ruth Kalle y Marcela Garc\u00eda.<\/p>\n<p>El bloque de Juntos-UCR seguir\u00e1 contando con cuatro integrantes, habida cuenta que la finalizaci\u00f3n en diciembre del mandato de Felicitas Cabret\u00f3n se cubrir\u00e1 con el ingreso de Rodrigo Yrigoyen, teniendo presencia por dos a\u00f1os m\u00e1s, en este espacio legislativo, Alejandro Bidegain, Adriana P\u00e9rez y Gonzalo Diez.<\/p>\n<p>Uni\u00f3n por la Patria consagr\u00f3 a dos ediles en la elecci\u00f3n de octubre \u00faltimo, consagrando a Juli\u00e1n Kristiansen y Evangelina Almada como concejales.<\/p>\n<p>Se carece de datos firmes de que estos nombrados conformen finalmente un interbloque con quienes, relacionados a esta coalici\u00f3n, proseguir\u00e1n teniendo labores en el HCD, en este caso con el dirigente del Frente Renovador, Mauro Vel\u00e1zquez y con la representante de La C\u00e1mpora, Andrea C\u00e1ceres. Un tema del cual se est\u00e1 conversando por estas horas.<\/p>\n<p>Mantendr\u00e1n su presencia en el cuerpo de concejales de Necochea la representaci\u00f3n de la Agrupaci\u00f3n Comunal Transformadora, integrada por Mariela Maceira y Juan Arabarco.<\/p>\n<p>Trascendidos dan cuenta que el HCD podr\u00eda continuar en per\u00edodo de ordinarias hasta el 31 de diciembre pr\u00f3xima, fundada la decisi\u00f3n en el pronto arribo desde el Ejecutivo del proyecto de c\u00e1lculo de recursos y presupuesto de gastos del ejercicio municipal 2024, para lo cual se contempla la necesidad del funcionamiento de las comisiones del Deliberante.<\/p>\n<p>Atinente a este recambio de autoridades democr\u00e1ticas, se est\u00e1 a la espera de la fecha de jura de los consejeros escolares electos el domingo 22 de octubre pasado, ocasi\u00f3n en que el oficialismo de la Agrupaci\u00f3n Vecinal Nueva Necochea se qued\u00f3 con las tres bancas en disputa. En la ceremonia, a concretarse en pr\u00f3ximos d\u00edas, estar\u00e1n jurando Paula Arg\u00fcello, \u00c1ngel Llona y Mar\u00eda de los \u00c1ngeles El\u00eda.<\/p>\n","protected":false},"excerpt":{"rendered":"<p>El acto se producir\u00e1 tras la sesi\u00f3n preparatoria del Concejo Deliberante de Necochea en la que jurar\u00e1n, ese mismo d\u00eda y a partir de las 19, los 10 concejales que fueron electos en el comicio general local realizado el pasado domingo 22 de octubre, consecuencia de la renovaci\u00f3n de la mitad de la composici\u00f3n del [&hellip;]<\/p>\n","protected":false},"author":3,"featured_media":104846,"comment_status":"open","ping_status":"open","sticky":false,"template":"","format":"standard","meta":{"footnotes":""},"categories":[3],"tags":[],"class_list":["post-104845","post","type-post","status-publish","format-standard","has-post-thumbnail","category-masnoticias"],"_links":{"self":[{"href":"https:\/\/primicias2262.com\/noticias\/wp-json\/wp\/v2\/posts\/104845","targetHints":{"allow":["GET"]}}],"collection":[{"href":"https:\/\/primicias2262.com\/noticias\/wp-json\/wp\/v2\/posts"}],"about":[{"href":"https:\/\/primicias2262.com\/noticias\/wp-json\/wp\/v2\/types\/post"}],"author":[{"embeddable":true,"href":"https:\/\/primicias2262.com\/noticias\/wp-json\/wp\/v2\/users\/3"}],"replies":[{"embeddable":true,"href":"https:\/\/primicias2262.com\/noticias\/wp-json\/wp\/v2\/comments?post=104845"}],"version-history":[{"count":1,"href":"https:\/\/primicias2262.com\/noticias\/wp-json\/wp\/v2\/posts\/104845\/revisions"}],"predecessor-version":[{"id":104847,"href":"https:\/\/primicias2262.com\/noticias\/wp-json\/wp\/v2\/posts\/104845\/revisions\/104847"}],"wp:featuredmedia":[{"embeddable":true,"href":"https:\/\/primicias2262.com\/noticias\/wp-json\/wp\/v2\/media\/104846"}],"wp:attachment":[{"href":"https:\/\/primicias2262.com\/noticias\/wp-json\/wp\/v2\/media?parent=104845"}],"wp:term":[{"taxonomy":"category","embeddable":true,"href":"https:\/\/primicias2262.com\/noticias\/wp-json\/wp\/v2\/categories?post=104845"},{"taxonomy":"post_tag","embeddable":true,"href":"https:\/\/primicias2262.com\/noticias\/wp-json\/wp\/v2\/tags?post=104845"}],"curies":[{"name":"wp","href":"https:\/\/api.w.org\/{rel}","templated":true}]}}