{"id":104848,"date":"2023-11-28T16:40:44","date_gmt":"2023-11-28T16:40:44","guid":{"rendered":"https:\/\/primicias2262.com\/noticias\/?p=104848"},"modified":"2023-11-29T16:58:13","modified_gmt":"2023-11-29T16:58:13","slug":"el-jefe-de-los-bomberos-de-necochea-enfatizo-en-recomendaciones-para-evitar-incendios","status":"publish","type":"post","link":"https:\/\/primicias2262.com\/noticias\/el-jefe-de-los-bomberos-de-necochea-enfatizo-en-recomendaciones-para-evitar-incendios\/","title":{"rendered":"El Jefe de los Bomberos de Necochea enfatiz\u00f3 en recomendaciones para evitar incendios"},"content":{"rendered":"<p><strong>Adri\u00e1n Hern\u00e1ndez, el titular del cuartel de los bomberos locales de la Provincia de Buenos Aires, fue consultado por el periodista Jorge G\u00f3mez en \u201cVoces de la Ciudad\u201d acerca de cuestiones simples a tener en cuenta en esta \u00e9poca en la que comienzan las temperaturas altas, a fin de prevenir incendios.<\/strong><\/p>\n<p>El Jefe de Bomberos aclar\u00f3 primeramente que \u201cla mayor\u00eda de los incendios forestales o de terrenos bald\u00edos es por negligencia del hombre, porque en un campo o en zona tur\u00edstica por ejemplo se hace un asado y no realiza una protecci\u00f3n alrededor del fuego, como poner tierra y hacer un cortafuegos como le llamamos, o una vez que se van apagarlo bien, porque por ah\u00ed quedan brasas, se reaviva el fuego y empiezan los problemas\u201d.<\/p>\n<p>\u201cOtro motivo -sigui\u00f3 enumerando- es que en un terreno bald\u00edo en vez de cortar el pasto la gente lo quema porque es m\u00e1s r\u00e1pido y demanda menos esfuerzo, pero es lo que no se deber\u00eda hacer\u201d.<\/p>\n<p>Por ende, \u201ces recomendable en esos lugares antes de hacer de una limpieza que se acerquen al cuartel de Bomberos, a Defensa Civil o Guardaparques, que les damos las recomendaciones en base al terreno que se quiere acomodar, para que no se propague el incendio y no haya ning\u00fan da\u00f1o mayor ni heridos. Estamos con las puertas a cualquier tipo de consultas\u201d.<\/p>\n<p><a href=\"https:\/\/primicias2262.com\/noticias\/wp-content\/uploads\/2023\/11\/FOTO-Hernandez-Fulton-Curso-Bomberos-Siniestro.jpeg\"><img loading=\"lazy\" decoding=\"async\" class=\"aligncenter size-full wp-image-104849\" src=\"https:\/\/primicias2262.com\/noticias\/wp-content\/uploads\/2023\/11\/FOTO-Hernandez-Fulton-Curso-Bomberos-Siniestro.jpeg\" alt=\"\" width=\"1598\" height=\"1066\" srcset=\"https:\/\/primicias2262.com\/noticias\/wp-content\/uploads\/2023\/11\/FOTO-Hernandez-Fulton-Curso-Bomberos-Siniestro.jpeg 1598w, https:\/\/primicias2262.com\/noticias\/wp-content\/uploads\/2023\/11\/FOTO-Hernandez-Fulton-Curso-Bomberos-Siniestro-300x200.jpeg 300w, https:\/\/primicias2262.com\/noticias\/wp-content\/uploads\/2023\/11\/FOTO-Hernandez-Fulton-Curso-Bomberos-Siniestro-1024x683.jpeg 1024w, https:\/\/primicias2262.com\/noticias\/wp-content\/uploads\/2023\/11\/FOTO-Hernandez-Fulton-Curso-Bomberos-Siniestro-768x512.jpeg 768w, https:\/\/primicias2262.com\/noticias\/wp-content\/uploads\/2023\/11\/FOTO-Hernandez-Fulton-Curso-Bomberos-Siniestro-1536x1025.jpeg 1536w, https:\/\/primicias2262.com\/noticias\/wp-content\/uploads\/2023\/11\/FOTO-Hernandez-Fulton-Curso-Bomberos-Siniestro-150x100.jpeg 150w, https:\/\/primicias2262.com\/noticias\/wp-content\/uploads\/2023\/11\/FOTO-Hernandez-Fulton-Curso-Bomberos-Siniestro-696x464.jpeg 696w, https:\/\/primicias2262.com\/noticias\/wp-content\/uploads\/2023\/11\/FOTO-Hernandez-Fulton-Curso-Bomberos-Siniestro-1068x712.jpeg 1068w\" sizes=\"auto, (max-width: 1598px) 100vw, 1598px\" \/><\/a><strong>Adri\u00e1n Hern\u00e1ndez junto a Augusto Fulton, de Defensa Civil.<\/strong><\/p>\n<p>Adem\u00e1s, diferenci\u00f3 que \u201chay que ver los lugares tambi\u00e9n, si hay que sacar alg\u00fan permiso en la Municipalidad, por eso cada caso es especial. Hay que ver si vale la pena quemar cuando por ah\u00ed con desmalezar alcanza, por eso hay que ver cada circunstancia y lugar con los peligros que puede haber alrededor\u201d.<\/p>\n<p>En lo que fue enf\u00e1tico, es en marcar que \u201cnunca hay que mandarse a hacer algo sin previa autorizaci\u00f3n del municipio y sin hacer consultas a las \u00e1reas mencionadas\u201d.<\/p>\n<p>En referencia al trabajo articulado con el Estado Municipal y dem\u00e1s instituciones, Hern\u00e1ndez valor\u00f3 que \u201cdesde hace m\u00e1s de un a\u00f1o que estoy en Necochea estamos llevando adelante un buen trabajo en conjunto con las diferentes Direcciones del municipio, en forma mancomunada con colaboraci\u00f3n mutua, y para m\u00ed tener el respaldo de esas \u00e1reas del municipio es un orgullo y tranquilidad, como tambi\u00e9n ellos con nosotros y dem\u00e1s instituciones como Cruz Roja y SAME\u201d.<\/p>\n<p>Por otra parte, se refiri\u00f3 a los refuerzos de personal para destacamentos de Necochea, Quequ\u00e9n y Juan N. Fern\u00e1ndez: \u201cPara la zona VI de Necochea, que abarca los cuarteles de De La Garma, San Manuel, Lober\u00eda, Quequ\u00e9n, Necochea y Juan N. Fern\u00e1ndez, llegaron 25 nuevos efectivos, siete de ellos para Necochea, y en este momento estamos haciendo las capacitaciones en las diferentes tem\u00e1ticas\u201d.<\/p>\n<p>Resalt\u00f3 en ese aspecto que \u201cla Direcci\u00f3n Provincial de Bomberos nos eligi\u00f3 como sede de capacitaci\u00f3n a Necochea, junto con La Plata y Mar del Plata, y en total tenemos 41 efectivos en Necochea capacit\u00e1ndose, de Bah\u00eda Blanca, Jun\u00edn, Tandil y de nuestro distrito, y tenemos dos tipos de capacitaciones\u201d.<\/p>\n<p>Detall\u00f3 en ese sentido que \u201cuna es para los efectivos reci\u00e9n ingresados a Bomberos sobre incendios forestales, rescate vehicular, primeros auxilios e incendio estructural, y ah\u00ed quiero destacar a Defensa Civil del municipio con la Secretar\u00eda de Gobierno y el Intendente, que nos dan una gran mano log\u00edstica; y \u201cadem\u00e1s tenemos por segundo mes consecutivo el curso de operador de elevador, que es la escalera mec\u00e1nica que se utiliza\u201d, concluy\u00f3 Hern\u00e1ndez.<\/p>\n","protected":false},"excerpt":{"rendered":"<p>Adri\u00e1n Hern\u00e1ndez, el titular del cuartel de los bomberos locales de la Provincia de Buenos Aires, fue consultado por el periodista Jorge G\u00f3mez en \u201cVoces de la Ciudad\u201d acerca de cuestiones simples a tener en cuenta en esta \u00e9poca en la que comienzan las temperaturas altas, a fin de prevenir incendios. El Jefe de Bomberos [&hellip;]<\/p>\n","protected":false},"author":3,"featured_media":104840,"comment_status":"open","ping_status":"open","sticky":false,"template":"","format":"standard","meta":{"footnotes":""},"categories":[3],"tags":[],"class_list":["post-104848","post","type-post","status-publish","format-standard","has-post-thumbnail","category-masnoticias"],"_links":{"self":[{"href":"https:\/\/primicias2262.com\/noticias\/wp-json\/wp\/v2\/posts\/104848","targetHints":{"allow":["GET"]}}],"collection":[{"href":"https:\/\/primicias2262.com\/noticias\/wp-json\/wp\/v2\/posts"}],"about":[{"href":"https:\/\/primicias2262.com\/noticias\/wp-json\/wp\/v2\/types\/post"}],"author":[{"embeddable":true,"href":"https:\/\/primicias2262.com\/noticias\/wp-json\/wp\/v2\/users\/3"}],"replies":[{"embeddable":true,"href":"https:\/\/primicias2262.com\/noticias\/wp-json\/wp\/v2\/comments?post=104848"}],"version-history":[{"count":2,"href":"https:\/\/primicias2262.com\/noticias\/wp-json\/wp\/v2\/posts\/104848\/revisions"}],"predecessor-version":[{"id":104865,"href":"https:\/\/primicias2262.com\/noticias\/wp-json\/wp\/v2\/posts\/104848\/revisions\/104865"}],"wp:featuredmedia":[{"embeddable":true,"href":"https:\/\/primicias2262.com\/noticias\/wp-json\/wp\/v2\/media\/104840"}],"wp:attachment":[{"href":"https:\/\/primicias2262.com\/noticias\/wp-json\/wp\/v2\/media?parent=104848"}],"wp:term":[{"taxonomy":"category","embeddable":true,"href":"https:\/\/primicias2262.com\/noticias\/wp-json\/wp\/v2\/categories?post=104848"},{"taxonomy":"post_tag","embeddable":true,"href":"https:\/\/primicias2262.com\/noticias\/wp-json\/wp\/v2\/tags?post=104848"}],"curies":[{"name":"wp","href":"https:\/\/api.w.org\/{rel}","templated":true}]}}