{"id":104852,"date":"2023-11-29T16:15:52","date_gmt":"2023-11-29T16:15:52","guid":{"rendered":"https:\/\/primicias2262.com\/noticias\/?p=104852"},"modified":"2023-11-30T15:48:55","modified_gmt":"2023-11-30T15:48:55","slug":"usina-y-puerto-en-mi-planteo-no-hablo-de-nombres-pero-debe-haber-un-cambio-de-modelo-y-gestiones","status":"publish","type":"post","link":"https:\/\/primicias2262.com\/noticias\/usina-y-puerto-en-mi-planteo-no-hablo-de-nombres-pero-debe-haber-un-cambio-de-modelo-y-gestiones\/","title":{"rendered":"Usina y Puerto: \u201cEn mi planteo no hablo de nombres, pero debe haber un cambio de modelo y gestiones\u201d"},"content":{"rendered":"<p><strong>As\u00ed lo reafirm\u00f3 en \u201cVoces de la Ciudad\u201d el intendente Arturo Rojas, quien se\u00f1al\u00f3 sobre ambas instituciones que \u201cno me interesa ser el que ponga un presidente en uno u otro lugar, pero lo que s\u00ed me interesa es que est\u00e9n a la altura de la circunstancia\u201d.<\/strong><\/p>\n<p>Durante una extensa nota realizada por el periodista Jorge G\u00f3mez, el intendente Arturo Rojas volvi\u00f3 a enfatizar en la falta de compromiso que viene marcando en la conducci\u00f3n de la Usina Popular Cooperativa y el Consorcio de Gesti\u00f3n de Puerto Quequ\u00e9n.<\/p>\n<p>Manifest\u00f3 primeramente que \u201cel Estado y los organismos deben ser eficientes, no da lo mismo tener una entidad deficitaria y que no presta los servicios o no hace las inversiones acorde a las circunstancias, por ello yo voy a seguir exigiendo lo mismo\u201d.<\/p>\n<p>Revel\u00f3 que \u201ctendr\u00e9 alguna reuni\u00f3n m\u00e1s con el gobierno provincial en t\u00e9rminos de lo que entiendo que se tiene que hacer. Hablamos parte de estos temas y varios temas m\u00e1s con Axel Kicillof, pero hay que ser prudentes porque faltan unos d\u00edas m\u00e1s para que el gobierno provincial pueda llevar adelante sus recambios\u201d, para aclarar que \u201cen mi planteo no hablo de nombres, sino de cambio de modelo y gestiones, y de lo que necesitamos para trabajar en conjunto\u201d.<\/p>\n<p>Ya puntualizando en la Usina, Rojas fue tajante al recalcar que \u201csigo sosteniendo que hay personajes nefastos en torno a la Usina\u2026 el se\u00f1or Arrieta se dedica a hacer maldades. Un d\u00eda se le ocurre dar la orden y bajarnos el ancho de banda de internet y eso produce conflictos en distintas \u00e1reas del Estado municipal. Por otra parte, todav\u00eda no sabemos, pero han dado una orden acerca de un n\u00famero de deuda del municipio de 640 millones que no existe en ning\u00fan asiento contable\u201d.<\/p>\n<p>En ese sentido describi\u00f3 que \u201cnosotros cuando asumimos vimos que el \u00faltimo intercambio de informaci\u00f3n de la Usina hacia la Municipalidad y de conciliaci\u00f3n de cuentas era de 2016. Tuvimos tres tramos, uno en el que se avanz\u00f3 y otra vez se cort\u00f3 en alg\u00fan momento y se dio la orden de que no nos pasaran m\u00e1s informaci\u00f3n, vaya a saber por qu\u00e9\u201d, para dejar en claro que \u201ca partir de junio de este a\u00f1o, de manera unilateral dejaron de pasar informaci\u00f3n. Pero en realidad, a junio y julio con las conciliaciones que hay lo que est\u00e1 registrado en base a los datos cruzados con la UPC estamos hablando de 50 millones de pesos de deuda, no de 640 millones\u201d.<\/p>\n<p>En cuanto a los pasos a seguir con la UPC, se\u00f1al\u00f3 que \u201chabr\u00e1 que discutir qu\u00e9 es lo que se hace, si hay un plan de obras que conviene o no, si es que se genera en el mientras tanto que trabajamos para la auditor\u00eda una decisi\u00f3n, que puede ser pedir la intervenci\u00f3n, un nuevo llamado a licitaci\u00f3n o dem\u00e1s, pero c\u00f3mo se administra al d\u00eda de hoy no lo comparto para nada\u201d.<\/p>\n<p>Al fijar la mirada en el Puerto, el Intendente manifest\u00f3 que \u201creci\u00e9n hace dos semanas se pusieron a hacer tareas de limpieza, parece casi un chiste\u2026 lo agradezco pero as\u00ed tiene que estar durante todo el a\u00f1o. Es lo que nosotros no queremos, porque es como si yo dejo toda la ciudad sin mantenimiento o la Av. 2 sin barrer durante diez d\u00edas y el m\u00e9dano te la tapa\u2026 la dej\u00e1s un mes y el m\u00e9dano llega a la avenida 10, y con el Consorcio pas\u00f3 lo mismo\u201d.<\/p>\n<p>Por todo ello, Rojas concluy\u00f3 que \u201cel objetivo general que vengo marcando desde 2019 es que es necesario trabajar en conjunto con las instituciones, a m\u00ed no me interesa ser el que ponga un presidente en el Consorcio o la Usina, pero lo que s\u00ed me interesa es que las instituciones est\u00e9n a la altura de la circunstancia\u201d.<\/p>\n","protected":false},"excerpt":{"rendered":"<p>As\u00ed lo reafirm\u00f3 en \u201cVoces de la Ciudad\u201d el intendente Arturo Rojas, quien se\u00f1al\u00f3 sobre ambas instituciones que \u201cno me interesa ser el que ponga un presidente en uno u otro lugar, pero lo que s\u00ed me interesa es que est\u00e9n a la altura de la circunstancia\u201d. Durante una extensa nota realizada por el periodista [&hellip;]<\/p>\n","protected":false},"author":3,"featured_media":102778,"comment_status":"open","ping_status":"open","sticky":false,"template":"","format":"standard","meta":{"footnotes":""},"categories":[3],"tags":[],"class_list":["post-104852","post","type-post","status-publish","format-standard","has-post-thumbnail","category-masnoticias"],"_links":{"self":[{"href":"https:\/\/primicias2262.com\/noticias\/wp-json\/wp\/v2\/posts\/104852","targetHints":{"allow":["GET"]}}],"collection":[{"href":"https:\/\/primicias2262.com\/noticias\/wp-json\/wp\/v2\/posts"}],"about":[{"href":"https:\/\/primicias2262.com\/noticias\/wp-json\/wp\/v2\/types\/post"}],"author":[{"embeddable":true,"href":"https:\/\/primicias2262.com\/noticias\/wp-json\/wp\/v2\/users\/3"}],"replies":[{"embeddable":true,"href":"https:\/\/primicias2262.com\/noticias\/wp-json\/wp\/v2\/comments?post=104852"}],"version-history":[{"count":2,"href":"https:\/\/primicias2262.com\/noticias\/wp-json\/wp\/v2\/posts\/104852\/revisions"}],"predecessor-version":[{"id":104875,"href":"https:\/\/primicias2262.com\/noticias\/wp-json\/wp\/v2\/posts\/104852\/revisions\/104875"}],"wp:featuredmedia":[{"embeddable":true,"href":"https:\/\/primicias2262.com\/noticias\/wp-json\/wp\/v2\/media\/102778"}],"wp:attachment":[{"href":"https:\/\/primicias2262.com\/noticias\/wp-json\/wp\/v2\/media?parent=104852"}],"wp:term":[{"taxonomy":"category","embeddable":true,"href":"https:\/\/primicias2262.com\/noticias\/wp-json\/wp\/v2\/categories?post=104852"},{"taxonomy":"post_tag","embeddable":true,"href":"https:\/\/primicias2262.com\/noticias\/wp-json\/wp\/v2\/tags?post=104852"}],"curies":[{"name":"wp","href":"https:\/\/api.w.org\/{rel}","templated":true}]}}