{"id":104866,"date":"2023-11-29T17:04:33","date_gmt":"2023-11-29T17:04:33","guid":{"rendered":"https:\/\/primicias2262.com\/noticias\/?p=104866"},"modified":"2023-11-29T17:04:33","modified_gmt":"2023-11-29T17:04:33","slug":"comienza-el-armado-del-arbol-de-navidad-en-la-plaza-de-cara-al-8-de-diciembre","status":"publish","type":"post","link":"https:\/\/primicias2262.com\/noticias\/comienza-el-armado-del-arbol-de-navidad-en-la-plaza-de-cara-al-8-de-diciembre\/","title":{"rendered":"Comienza el armado del \u00c1rbol de Navidad en la plaza de cara al 8 de diciembre"},"content":{"rendered":"<p><strong>\u201cEstamos con una expectativa importante porque vamos a utilizar m\u00e1s parte de la plaza Dardo Rocha, con un pesebre m\u00e1s grande y un trine ampliado\u201d, anticip\u00f3 el director de Cultura, Juan Gamba.<\/strong><\/p>\n<p>El funcionario se refiri\u00f3 al montaje del \u00c1rbol de Navidad en la Plaza Dardo Rocha, durante una breve comunicaci\u00f3n telef\u00f3nica en \u201cVoces de la Ciudad\u201d con el periodista Jorge G\u00f3mez. \u201cHoy (por este mi\u00e9rcoles) ya se empez\u00f3 a trabajar en la construcci\u00f3n del arbolito, ya que para que las cosas queden lindas hay que empezar con tiempo\u201d, asegur\u00f3.<\/p>\n<p>Gamba resalt\u00f3 que \u201ces un cl\u00e1sico la cuenta regresiva el encendido del Arbolito, y este a\u00f1o vamos a tener un pesebre un poco m\u00e1s grande, el Arbolito con m\u00e1s cosas y el trineo m\u00e1s agrandado, as\u00ed que estamos con una expectativa importante porque vamos a utilizar m\u00e1s parte de la plaza\u201d.<\/p>\n<p>Inform\u00f3 adem\u00e1s que \u201cnos van a estar acompa\u00f1ando el Coro Alta Mira, la Escuela de Danzas Cl\u00e1sicas municipal y el ensamble de Guitarras de la Escuela Orillas de Quequ\u00e9n, para darle un marco musical a la cuenta regresiva del encendido de las luces\u201d.<\/p>\n<p>El director de Cultura avis\u00f3 que \u201cdependemos del clima en ese momento, ya que el \u00c1rbol se enciende con el encendido mismo de la luces de la plaza\u201d, tras lo cual valor\u00f3 que \u201cla gente se est\u00e1 acostumbrando a ir todos los a\u00f1os y el Pap\u00e1 Noel del trineo tendr\u00e1 dos urnas para que los m\u00e1s peque\u00f1os puedan depositar sus cartitas\u201d.<\/p>\n<p>En el cierre de la nota, Gamba aprovech\u00f3 adem\u00e1s para anticipar que \u201cel s\u00e1bado 16 tenemos el concierto navide\u00f1o, que tambi\u00e9n se realiza en la plaza con varios n\u00fameros musicales\u201d.<\/p>\n","protected":false},"excerpt":{"rendered":"<p>\u201cEstamos con una expectativa importante porque vamos a utilizar m\u00e1s parte de la plaza Dardo Rocha, con un pesebre m\u00e1s grande y un trine ampliado\u201d, anticip\u00f3 el director de Cultura, Juan Gamba. El funcionario se refiri\u00f3 al montaje del \u00c1rbol de Navidad en la Plaza Dardo Rocha, durante una breve comunicaci\u00f3n telef\u00f3nica en \u201cVoces de [&hellip;]<\/p>\n","protected":false},"author":3,"featured_media":104867,"comment_status":"open","ping_status":"open","sticky":false,"template":"","format":"standard","meta":{"footnotes":""},"categories":[5],"tags":[],"class_list":{"0":"post-104866","1":"post","2":"type-post","3":"status-publish","4":"format-standard","5":"has-post-thumbnail","7":"category-neco"},"_links":{"self":[{"href":"https:\/\/primicias2262.com\/noticias\/wp-json\/wp\/v2\/posts\/104866","targetHints":{"allow":["GET"]}}],"collection":[{"href":"https:\/\/primicias2262.com\/noticias\/wp-json\/wp\/v2\/posts"}],"about":[{"href":"https:\/\/primicias2262.com\/noticias\/wp-json\/wp\/v2\/types\/post"}],"author":[{"embeddable":true,"href":"https:\/\/primicias2262.com\/noticias\/wp-json\/wp\/v2\/users\/3"}],"replies":[{"embeddable":true,"href":"https:\/\/primicias2262.com\/noticias\/wp-json\/wp\/v2\/comments?post=104866"}],"version-history":[{"count":1,"href":"https:\/\/primicias2262.com\/noticias\/wp-json\/wp\/v2\/posts\/104866\/revisions"}],"predecessor-version":[{"id":104868,"href":"https:\/\/primicias2262.com\/noticias\/wp-json\/wp\/v2\/posts\/104866\/revisions\/104868"}],"wp:featuredmedia":[{"embeddable":true,"href":"https:\/\/primicias2262.com\/noticias\/wp-json\/wp\/v2\/media\/104867"}],"wp:attachment":[{"href":"https:\/\/primicias2262.com\/noticias\/wp-json\/wp\/v2\/media?parent=104866"}],"wp:term":[{"taxonomy":"category","embeddable":true,"href":"https:\/\/primicias2262.com\/noticias\/wp-json\/wp\/v2\/categories?post=104866"},{"taxonomy":"post_tag","embeddable":true,"href":"https:\/\/primicias2262.com\/noticias\/wp-json\/wp\/v2\/tags?post=104866"}],"curies":[{"name":"wp","href":"https:\/\/api.w.org\/{rel}","templated":true}]}}