{"id":104870,"date":"2023-11-30T15:48:38","date_gmt":"2023-11-30T15:48:38","guid":{"rendered":"https:\/\/primicias2262.com\/noticias\/?p=104870"},"modified":"2023-12-01T17:45:11","modified_gmt":"2023-12-01T17:45:11","slug":"el-lago-de-los-cisnes-se-sigue-innovando-y-en-pocos-dias-presentara-su-parque-aereo","status":"publish","type":"post","link":"https:\/\/primicias2262.com\/noticias\/el-lago-de-los-cisnes-se-sigue-innovando-y-en-pocos-dias-presentara-su-parque-aereo\/","title":{"rendered":"El Lago de los Cisnes se sigue innovando y en pocos d\u00edas presentar\u00e1 su parque a\u00e9reo"},"content":{"rendered":"<p><strong>As\u00ed lo anticip\u00f3 en \u201cVoces de la Ciudad\u201d uno de los integrantes del grupo concesionario del Lago de los Cisnes, Daniel Carri\u00f3n, quien brind\u00f3 detalles de lo que ser\u00e1 el mirador similar a los que se hallan en otros puntos del pa\u00eds.<\/strong><\/p>\n<p>Durante una nota realizada por el periodista Jorge G\u00f3mez, el empresario revel\u00f3 que \u201cestamos haciendo un parque a\u00e9reo, como los que hay en Buenos Aires o Mendoza, donde la persona va a seis metros de altura recorriendo distintos puentes y siempre atado con el arn\u00e9s de seguridad, que es el mismo que te acompa\u00f1a por toda la vuelta y va a ser como una especie de mirador o faro del lago, cuya torre va a tener 15 metros de altura. Pas\u00e1s por ah\u00ed, das la vuelta y volv\u00e9s para bajar en los corrales\u201d.<\/p>\n<figure id=\"attachment_104872\" aria-describedby=\"caption-attachment-104872\" style=\"width: 1600px\" class=\"wp-caption aligncenter\"><a href=\"https:\/\/primicias2262.com\/noticias\/wp-content\/uploads\/2023\/11\/parque-aereo-lago-plano.jpg\"><img loading=\"lazy\" decoding=\"async\" class=\"size-full wp-image-104872\" src=\"https:\/\/primicias2262.com\/noticias\/wp-content\/uploads\/2023\/11\/parque-aereo-lago-plano.jpg\" alt=\"\" width=\"1600\" height=\"720\" srcset=\"https:\/\/primicias2262.com\/noticias\/wp-content\/uploads\/2023\/11\/parque-aereo-lago-plano.jpg 1600w, https:\/\/primicias2262.com\/noticias\/wp-content\/uploads\/2023\/11\/parque-aereo-lago-plano-300x135.jpg 300w, https:\/\/primicias2262.com\/noticias\/wp-content\/uploads\/2023\/11\/parque-aereo-lago-plano-1024x461.jpg 1024w, https:\/\/primicias2262.com\/noticias\/wp-content\/uploads\/2023\/11\/parque-aereo-lago-plano-768x346.jpg 768w, https:\/\/primicias2262.com\/noticias\/wp-content\/uploads\/2023\/11\/parque-aereo-lago-plano-1536x691.jpg 1536w, https:\/\/primicias2262.com\/noticias\/wp-content\/uploads\/2023\/11\/parque-aereo-lago-plano-150x68.jpg 150w, https:\/\/primicias2262.com\/noticias\/wp-content\/uploads\/2023\/11\/parque-aereo-lago-plano-696x313.jpg 696w, https:\/\/primicias2262.com\/noticias\/wp-content\/uploads\/2023\/11\/parque-aereo-lago-plano-1068x481.jpg 1068w\" sizes=\"auto, (max-width: 1600px) 100vw, 1600px\" \/><\/a><figcaption id=\"caption-attachment-104872\" class=\"wp-caption-text\">Plano del parque a\u00e9reo<\/figcaption><\/figure>\n<p>Acot\u00f3 Carri\u00f3n que \u201cla cuesti\u00f3n de seguridad es absoluta con un arn\u00e9s y un cable acero que te va guiando, y el recorrido es de unos 80 metros\u201d, tras lo que asegur\u00f3 que \u201cla semana anterior nos entregaron los cables de acero que era lo m\u00e1s importante y pronto ya estar\u00e1 operativo, la idea es antes de Navidad. Ya est\u00e1 todo pre armado, ahora tienen que ir con las m\u00e1quinas y colocar los pilares para que quede listo\u201d.<\/p>\n<p>De esta manera, el Lago de los Cines se podr\u00e1 recorrer de forma a\u00e9rea. \u201cLa idea es que sea una atracci\u00f3n m\u00e1s este a\u00f1o para Necochea, y se a\u00f1ade a los servicios del lago, como la tirolesa, los animales, el chiringuito que da a la playa, entre otras cosas, y enfrente estar\u00e1 el parque de diversiones con m\u00e1s juegos, de hecho habr\u00e1 una monta\u00f1a rusa que no hab\u00eda\u201d, resalt\u00f3.<\/p>\n<figure id=\"attachment_104871\" aria-describedby=\"caption-attachment-104871\" style=\"width: 1024px\" class=\"wp-caption aligncenter\"><a href=\"https:\/\/primicias2262.com\/noticias\/wp-content\/uploads\/2023\/11\/Daniel-Carrion.jpeg\"><img loading=\"lazy\" decoding=\"async\" class=\"size-full wp-image-104871\" src=\"https:\/\/primicias2262.com\/noticias\/wp-content\/uploads\/2023\/11\/Daniel-Carrion.jpeg\" alt=\"\" width=\"1024\" height=\"768\" srcset=\"https:\/\/primicias2262.com\/noticias\/wp-content\/uploads\/2023\/11\/Daniel-Carrion.jpeg 1024w, https:\/\/primicias2262.com\/noticias\/wp-content\/uploads\/2023\/11\/Daniel-Carrion-300x225.jpeg 300w, https:\/\/primicias2262.com\/noticias\/wp-content\/uploads\/2023\/11\/Daniel-Carrion-768x576.jpeg 768w, https:\/\/primicias2262.com\/noticias\/wp-content\/uploads\/2023\/11\/Daniel-Carrion-150x113.jpeg 150w, https:\/\/primicias2262.com\/noticias\/wp-content\/uploads\/2023\/11\/Daniel-Carrion-696x522.jpeg 696w\" sizes=\"auto, (max-width: 1024px) 100vw, 1024px\" \/><\/a><figcaption id=\"caption-attachment-104871\" class=\"wp-caption-text\">Daniel Carri\u00f3n<\/figcaption><\/figure>\n<p>Por otra parte, dando cuenta de la buena relaci\u00f3n existente con el Estado Municipal, Carri\u00f3n destac\u00f3 que \u201cpor sugerencia de la Direcci\u00f3n de Concesiones, a cargo de Ver\u00f3nica Dones, se mejor\u00f3 la visual del lago por la calle de ingreso con un local totalmente vidriado\u201d, ya que se cambian de posici\u00f3n los inflables y la calesita que obstaculizaban la vista al agua.<\/p>\n","protected":false},"excerpt":{"rendered":"<p>As\u00ed lo anticip\u00f3 en \u201cVoces de la Ciudad\u201d uno de los integrantes del grupo concesionario del Lago de los Cisnes, Daniel Carri\u00f3n, quien brind\u00f3 detalles de lo que ser\u00e1 el mirador similar a los que se hallan en otros puntos del pa\u00eds. Durante una nota realizada por el periodista Jorge G\u00f3mez, el empresario revel\u00f3 que [&hellip;]<\/p>\n","protected":false},"author":3,"featured_media":104873,"comment_status":"open","ping_status":"open","sticky":false,"template":"","format":"standard","meta":{"footnotes":""},"categories":[3],"tags":[],"class_list":{"0":"post-104870","1":"post","2":"type-post","3":"status-publish","4":"format-standard","5":"has-post-thumbnail","7":"category-masnoticias"},"_links":{"self":[{"href":"https:\/\/primicias2262.com\/noticias\/wp-json\/wp\/v2\/posts\/104870","targetHints":{"allow":["GET"]}}],"collection":[{"href":"https:\/\/primicias2262.com\/noticias\/wp-json\/wp\/v2\/posts"}],"about":[{"href":"https:\/\/primicias2262.com\/noticias\/wp-json\/wp\/v2\/types\/post"}],"author":[{"embeddable":true,"href":"https:\/\/primicias2262.com\/noticias\/wp-json\/wp\/v2\/users\/3"}],"replies":[{"embeddable":true,"href":"https:\/\/primicias2262.com\/noticias\/wp-json\/wp\/v2\/comments?post=104870"}],"version-history":[{"count":1,"href":"https:\/\/primicias2262.com\/noticias\/wp-json\/wp\/v2\/posts\/104870\/revisions"}],"predecessor-version":[{"id":104874,"href":"https:\/\/primicias2262.com\/noticias\/wp-json\/wp\/v2\/posts\/104870\/revisions\/104874"}],"wp:featuredmedia":[{"embeddable":true,"href":"https:\/\/primicias2262.com\/noticias\/wp-json\/wp\/v2\/media\/104873"}],"wp:attachment":[{"href":"https:\/\/primicias2262.com\/noticias\/wp-json\/wp\/v2\/media?parent=104870"}],"wp:term":[{"taxonomy":"category","embeddable":true,"href":"https:\/\/primicias2262.com\/noticias\/wp-json\/wp\/v2\/categories?post=104870"},{"taxonomy":"post_tag","embeddable":true,"href":"https:\/\/primicias2262.com\/noticias\/wp-json\/wp\/v2\/tags?post=104870"}],"curies":[{"name":"wp","href":"https:\/\/api.w.org\/{rel}","templated":true}]}}