{"id":104876,"date":"2023-11-30T16:11:30","date_gmt":"2023-11-30T16:11:30","guid":{"rendered":"https:\/\/primicias2262.com\/noticias\/?p=104876"},"modified":"2023-12-01T14:13:11","modified_gmt":"2023-12-01T14:13:11","slug":"ricaldoni-retorno-satisfecho-de-su-exposicion-en-mexico-no-dejo-de-mostrar-nuestra-pampa-y-nuestra-necochea","status":"publish","type":"post","link":"https:\/\/primicias2262.com\/noticias\/ricaldoni-retorno-satisfecho-de-su-exposicion-en-mexico-no-dejo-de-mostrar-nuestra-pampa-y-nuestra-necochea\/","title":{"rendered":"Ricaldoni retorn\u00f3 satisfecho de su exposici\u00f3n en M\u00e9xico: \u201cNo dejo de mostrar nuestra pampa y nuestra Necochea\u201d"},"content":{"rendered":"<p><strong>El artista visual necochense que lleva su arte a todo el mundo, Hern\u00e1n Ricaldoni, acaba de regresar al pa\u00eds de una gira por M\u00e9xico y expres\u00f3 v\u00eda telef\u00f3nica en \u201cVoces de la Ciudad\u201d lo fant\u00e1stico de la experiencia.<\/strong><\/p>\n<p>En di\u00e1logo con el periodista Jorge G\u00f3mez, Ricaldoni cont\u00f3 que \u201cfue mi primer viaje a M\u00e9xico, que es un referente latinoamericano por la cultura precolombina que tiene y con una identidad cultural muy potente, m\u00e1s all\u00e1 de que es un pa\u00eds de 140 millones de habitantes muy interesado por el arte en general. Grandes artistas internacionales nacieron en M\u00e9xico y es una referencia\u201d.<\/p>\n<p>Por ende, \u201c\u201dten\u00eda ganas de ir hac\u00eda varios a\u00f1os y contaba con el apoyo de la Embajada argentina y la Canciller\u00eda tambi\u00e9n, y fui invitado por una galer\u00eda de arte que se llama Z Club, que es donde expuse y tambi\u00e9n estuve dando unas charlas y talleres de arte en una universidad de Dise\u00f1o Gr\u00e1fico y Arte del Distrito Federal\u201d, describi\u00f3.<\/p>\n<p><a href=\"https:\/\/primicias2262.com\/noticias\/wp-content\/uploads\/2023\/11\/WhatsApp-Image-2023-11-30-at-1.14.22-PM1.jpeg\"><img loading=\"lazy\" decoding=\"async\" class=\"aligncenter size-full wp-image-104880\" src=\"https:\/\/primicias2262.com\/noticias\/wp-content\/uploads\/2023\/11\/WhatsApp-Image-2023-11-30-at-1.14.22-PM1.jpeg\" alt=\"\" width=\"1024\" height=\"1024\" srcset=\"https:\/\/primicias2262.com\/noticias\/wp-content\/uploads\/2023\/11\/WhatsApp-Image-2023-11-30-at-1.14.22-PM1.jpeg 1024w, https:\/\/primicias2262.com\/noticias\/wp-content\/uploads\/2023\/11\/WhatsApp-Image-2023-11-30-at-1.14.22-PM1-300x300.jpeg 300w, https:\/\/primicias2262.com\/noticias\/wp-content\/uploads\/2023\/11\/WhatsApp-Image-2023-11-30-at-1.14.22-PM1-150x150.jpeg 150w, https:\/\/primicias2262.com\/noticias\/wp-content\/uploads\/2023\/11\/WhatsApp-Image-2023-11-30-at-1.14.22-PM1-768x768.jpeg 768w, https:\/\/primicias2262.com\/noticias\/wp-content\/uploads\/2023\/11\/WhatsApp-Image-2023-11-30-at-1.14.22-PM1-696x696.jpeg 696w\" sizes=\"auto, (max-width: 1024px) 100vw, 1024px\" \/><\/a>Seguidamente, Hern\u00e1n asegur\u00f3 que \u201cla experiencia estuvo genial, fue una maravilla c\u00f3mo me trat\u00f3 la gente. Tambi\u00e9n me toc\u00f3 dar una charla en la Universidad de la Comunicaci\u00f3n y gener\u00e9 unos v\u00ednculos maravillosos. En esta galer\u00eda quedaron expuestas obras m\u00edas, as\u00ed que ya tengo mi galer\u00eda en M\u00e9xico para seguir trabajando\u201d.<\/p>\n<p>Para lo poco que queda del a\u00f1o, Ricaldoni se\u00f1al\u00f3 que \u201cde regreso en Necochea har\u00e9 algunas actividades en la ciudad y empezar\u00e9 a planificar para trabajar en la galer\u00eda Imaginario de Buenos Aires, y tengo que viajar en 15 d\u00edas para coordinar mi trabajo del a\u00f1o que viene, donde ya tengo confirmado actividades en Estados Unidos y posiblemente en Europa\u201d.<\/p>\n<p><a href=\"https:\/\/primicias2262.com\/noticias\/wp-content\/uploads\/2023\/11\/WhatsApp-Image-2023-11-30-at-1.14.22-PM.jpeg\"><img loading=\"lazy\" decoding=\"async\" class=\"aligncenter size-full wp-image-104881\" src=\"https:\/\/primicias2262.com\/noticias\/wp-content\/uploads\/2023\/11\/WhatsApp-Image-2023-11-30-at-1.14.22-PM.jpeg\" alt=\"\" width=\"1024\" height=\"1024\" srcset=\"https:\/\/primicias2262.com\/noticias\/wp-content\/uploads\/2023\/11\/WhatsApp-Image-2023-11-30-at-1.14.22-PM.jpeg 1024w, https:\/\/primicias2262.com\/noticias\/wp-content\/uploads\/2023\/11\/WhatsApp-Image-2023-11-30-at-1.14.22-PM-300x300.jpeg 300w, https:\/\/primicias2262.com\/noticias\/wp-content\/uploads\/2023\/11\/WhatsApp-Image-2023-11-30-at-1.14.22-PM-150x150.jpeg 150w, https:\/\/primicias2262.com\/noticias\/wp-content\/uploads\/2023\/11\/WhatsApp-Image-2023-11-30-at-1.14.22-PM-768x768.jpeg 768w, https:\/\/primicias2262.com\/noticias\/wp-content\/uploads\/2023\/11\/WhatsApp-Image-2023-11-30-at-1.14.22-PM-696x696.jpeg 696w\" sizes=\"auto, (max-width: 1024px) 100vw, 1024px\" \/><\/a>\u201cEstoy muy entusiasmado porque cada puerta que se abre a su vez permite que se abran otras puertas, y no dejo de mostrar nuestra pampa y nuestra Necochea\u201d, concluy\u00f3.<\/p>\n","protected":false},"excerpt":{"rendered":"<p>El artista visual necochense que lleva su arte a todo el mundo, Hern\u00e1n Ricaldoni, acaba de regresar al pa\u00eds de una gira por M\u00e9xico y expres\u00f3 v\u00eda telef\u00f3nica en \u201cVoces de la Ciudad\u201d lo fant\u00e1stico de la experiencia. En di\u00e1logo con el periodista Jorge G\u00f3mez, Ricaldoni cont\u00f3 que \u201cfue mi primer viaje a M\u00e9xico, que [&hellip;]<\/p>\n","protected":false},"author":3,"featured_media":104877,"comment_status":"open","ping_status":"open","sticky":false,"template":"","format":"standard","meta":{"footnotes":""},"categories":[3],"tags":[],"class_list":["post-104876","post","type-post","status-publish","format-standard","has-post-thumbnail","category-masnoticias"],"_links":{"self":[{"href":"https:\/\/primicias2262.com\/noticias\/wp-json\/wp\/v2\/posts\/104876","targetHints":{"allow":["GET"]}}],"collection":[{"href":"https:\/\/primicias2262.com\/noticias\/wp-json\/wp\/v2\/posts"}],"about":[{"href":"https:\/\/primicias2262.com\/noticias\/wp-json\/wp\/v2\/types\/post"}],"author":[{"embeddable":true,"href":"https:\/\/primicias2262.com\/noticias\/wp-json\/wp\/v2\/users\/3"}],"replies":[{"embeddable":true,"href":"https:\/\/primicias2262.com\/noticias\/wp-json\/wp\/v2\/comments?post=104876"}],"version-history":[{"count":2,"href":"https:\/\/primicias2262.com\/noticias\/wp-json\/wp\/v2\/posts\/104876\/revisions"}],"predecessor-version":[{"id":104882,"href":"https:\/\/primicias2262.com\/noticias\/wp-json\/wp\/v2\/posts\/104876\/revisions\/104882"}],"wp:featuredmedia":[{"embeddable":true,"href":"https:\/\/primicias2262.com\/noticias\/wp-json\/wp\/v2\/media\/104877"}],"wp:attachment":[{"href":"https:\/\/primicias2262.com\/noticias\/wp-json\/wp\/v2\/media?parent=104876"}],"wp:term":[{"taxonomy":"category","embeddable":true,"href":"https:\/\/primicias2262.com\/noticias\/wp-json\/wp\/v2\/categories?post=104876"},{"taxonomy":"post_tag","embeddable":true,"href":"https:\/\/primicias2262.com\/noticias\/wp-json\/wp\/v2\/tags?post=104876"}],"curies":[{"name":"wp","href":"https:\/\/api.w.org\/{rel}","templated":true}]}}