{"id":104883,"date":"2023-11-30T16:50:06","date_gmt":"2023-11-30T16:50:06","guid":{"rendered":"https:\/\/primicias2262.com\/noticias\/?p=104883"},"modified":"2023-12-01T17:16:33","modified_gmt":"2023-12-01T17:16:33","slug":"centro-cultural-el-objetivo-fundamental-de-todo-el-equipo-de-trabajo-es-el-crecimiento-y-permanencia","status":"publish","type":"post","link":"https:\/\/primicias2262.com\/noticias\/centro-cultural-el-objetivo-fundamental-de-todo-el-equipo-de-trabajo-es-el-crecimiento-y-permanencia\/","title":{"rendered":"Centro Cultural: \u201cEl objetivo fundamental de todo el equipo de trabajo es el crecimiento y permanencia\u201d"},"content":{"rendered":"<p><strong>As\u00ed lo expres\u00f3 la nueva presidenta del Centro Cultural de Necochea y Biblioteca Popular \u201cAndr\u00e9s Ferreyra\u201d, Cristina Azcueta, en el marco de la nota que le realiz\u00f3 el periodista Jorge G\u00f3mez en el programa \u201cVoces de la Ciudad\u201d.<\/strong><\/p>\n<p>La abogada sigue la l\u00ednea de la comisi\u00f3n directiva formada hace unos a\u00f1os y asegur\u00f3 que \u201cel objetivo fundamental de todo este equipo de trabajo es el crecimiento y permanencia, dos elementos que no pueden faltar nunca, y as\u00ed pensar en 100 a\u00f1os m\u00e1s\u201d.<\/p>\n<p>Por ello, argument\u00f3 que \u201cqueremos que los j\u00f3venes puedan ver en esto un compromiso para continuarlo y que podamos ir incorporando en la comisi\u00f3n directiva a personas m\u00e1s j\u00f3venes para que ya vayan gustando de esto. No es que la gente no quiera participar, sino que muchas veces no tienen el tiempo, y esto es un gran compromiso. Como en cualquier ONG, si vos asum\u00eds estar ten\u00e9s que dedicarle tiempo\u201d.<\/p>\n<p>Destac\u00f3 a continuaci\u00f3n que \u201ctambi\u00e9n fue objetivo de esta comisi\u00f3n que el Centro Cultural cobije a todas las actividades que se desarrollan en nuestra comunidad, distintas diversidades de distintos espacios culturales, y tenemos m\u00e1s de 300 actividades\u201d, a lo que aport\u00f3 que \u201cabrimos las puertas netamente a nuestra comunidad y al interior del distrito, de hecho la extensi\u00f3n de la Biblioteca \u201cAndr\u00e9s Ferreyra\u201d se encuentra en algunas delegaciones, y es un proyecto propio del estatuto nuestro, as\u00ed como en barrios y centros de salud, donde van las madres con los chicos y es tan importante un libro. El contacto con el libro es lo primero para educar, y es fabulosa la respuestas de los ni\u00f1os a los libros en los centros de salud\u201d.<\/p>\n<p>Azcueta valor\u00f3 adem\u00e1s que \u201csomos un equipo de trabajo que nos llevamos genial, cada uno con sus diversidades, y por eso trabajamos tan bien y mancomunadamente en beneficio de la comunidad, dentro de una instituci\u00f3n que no es del Estado, ya que hay mucha gente que piensa que es municipal\u201d. Aclar\u00f3 en ese sentido que \u201cla biblioteca tiene 116 a\u00f1os de vida, se fund\u00f3 en 1907 y hace 50 a\u00f1os que est\u00e1 en este edificio de 54 entre 61 y 63, y es una sola entidad: Centro Cultural Necochea \u2013 Biblioteca Popular \u201cAndr\u00e9s Ferreyra\u201d, con su personer\u00eda jur\u00eddica\u201d.<\/p>\n<p>Finalmente, habl\u00f3 con orgullo de los n\u00fameros al d\u00eda de la instituci\u00f3n. \u201cEs muy dif\u00edcil hoy en d\u00eda mantener las bibliotecas populares, lamentablemente se han cerrado muchas en el pa\u00eds y nosotros nos seguimos manteniendo, hemos logrado sanear una deuda hist\u00f3rica previsional y ahora tenemos tres a\u00f1os con super\u00e1vit y no debemos nada sobre los aportes de nuestros empleados\u201d.<\/p>\n<p>\u201cEs muy dif\u00edcil mantenerse para cualquier ONG y para las bibliotecas populares, nosotros solo dependemos genuinamente de lo que nos aportan los 1300 socios que tenemos actualmente\u201d, se\u00f1al\u00f3, informando que actualmente la cuota societaria est\u00e1 a mil pesos y para los escolares a 400 pesos.<\/p>\n","protected":false},"excerpt":{"rendered":"<p>As\u00ed lo expres\u00f3 la nueva presidenta del Centro Cultural de Necochea y Biblioteca Popular \u201cAndr\u00e9s Ferreyra\u201d, Cristina Azcueta, en el marco de la nota que le realiz\u00f3 el periodista Jorge G\u00f3mez en el programa \u201cVoces de la Ciudad\u201d. La abogada sigue la l\u00ednea de la comisi\u00f3n directiva formada hace unos a\u00f1os y asegur\u00f3 que \u201cel [&hellip;]<\/p>\n","protected":false},"author":3,"featured_media":104884,"comment_status":"open","ping_status":"open","sticky":false,"template":"","format":"standard","meta":{"footnotes":""},"categories":[3],"tags":[],"class_list":["post-104883","post","type-post","status-publish","format-standard","has-post-thumbnail","category-masnoticias"],"_links":{"self":[{"href":"https:\/\/primicias2262.com\/noticias\/wp-json\/wp\/v2\/posts\/104883","targetHints":{"allow":["GET"]}}],"collection":[{"href":"https:\/\/primicias2262.com\/noticias\/wp-json\/wp\/v2\/posts"}],"about":[{"href":"https:\/\/primicias2262.com\/noticias\/wp-json\/wp\/v2\/types\/post"}],"author":[{"embeddable":true,"href":"https:\/\/primicias2262.com\/noticias\/wp-json\/wp\/v2\/users\/3"}],"replies":[{"embeddable":true,"href":"https:\/\/primicias2262.com\/noticias\/wp-json\/wp\/v2\/comments?post=104883"}],"version-history":[{"count":1,"href":"https:\/\/primicias2262.com\/noticias\/wp-json\/wp\/v2\/posts\/104883\/revisions"}],"predecessor-version":[{"id":104885,"href":"https:\/\/primicias2262.com\/noticias\/wp-json\/wp\/v2\/posts\/104883\/revisions\/104885"}],"wp:featuredmedia":[{"embeddable":true,"href":"https:\/\/primicias2262.com\/noticias\/wp-json\/wp\/v2\/media\/104884"}],"wp:attachment":[{"href":"https:\/\/primicias2262.com\/noticias\/wp-json\/wp\/v2\/media?parent=104883"}],"wp:term":[{"taxonomy":"category","embeddable":true,"href":"https:\/\/primicias2262.com\/noticias\/wp-json\/wp\/v2\/categories?post=104883"},{"taxonomy":"post_tag","embeddable":true,"href":"https:\/\/primicias2262.com\/noticias\/wp-json\/wp\/v2\/tags?post=104883"}],"curies":[{"name":"wp","href":"https:\/\/api.w.org\/{rel}","templated":true}]}}