{"id":104900,"date":"2023-12-01T17:16:14","date_gmt":"2023-12-01T17:16:14","guid":{"rendered":"https:\/\/primicias2262.com\/noticias\/?p=104900"},"modified":"2023-12-03T23:00:22","modified_gmt":"2023-12-03T23:00:22","slug":"cumplio-70-anos-la-parroquia-de-los-capuchinos-y-se-realizo-una-celebracion-con-toda-la-comunidad","status":"publish","type":"post","link":"https:\/\/primicias2262.com\/noticias\/cumplio-70-anos-la-parroquia-de-los-capuchinos-y-se-realizo-una-celebracion-con-toda-la-comunidad\/","title":{"rendered":"Cumpli\u00f3 70 a\u00f1os la parroquia de los Capuchinos y se realiz\u00f3 una celebraci\u00f3n con toda la comunidad"},"content":{"rendered":"<p><strong>El pasado martes 28 de noviembre cumpli\u00f3 70 a\u00f1os la comunidad de los Capuchinos, donde est\u00e1 la parroquia de los padres Capuchinos y la Escuela Nueva Pompeya. Quien est\u00e1 a cargo de la obra parroquial, el cura Fernando Mendoza, pas\u00f3 por los estudios de \u201cVoces de la Ciudad\u201d y habl\u00f3 sobre las actividades, al tiempo que palpit\u00f3 la campa\u00f1a alimentaria de C\u00e1ritas para este s\u00e1bado.<\/strong><\/p>\n<p>En nota con el periodista Jorge G\u00f3mez, Mendoza resalt\u00f3 que \u201cm\u00e1s all\u00e1 de lo que simb\u00f3lico que representa el templo como espacio espiritual para el encuentro con Dios, es un muy lindo acontecimiento el hecho de los 70 a\u00f1os. Se realiz\u00f3 una misa que es el espacio donde Dios se da y comunica su gracia, as\u00ed que celebramos una historia de 70 a\u00f1os, vinculados con el colegio y los padres capuchinos\u201d.<\/p>\n<p>\u201cFue una celebraci\u00f3n sencilla y austera, pero una linda oportunidad para juntarnos y celebrar la misa y un encuentro fraterno\u201d, destac\u00f3 Fernando, quien adem\u00e1s est\u00e1 a cargo de la parroquia del centro, Santa Mar\u00eda del Carmen.<\/p>\n<p><strong>Campa\u00f1a alimentaria de C\u00e1ritas<\/strong><\/p>\n<p>En otro orden, este s\u00e1bado hay campa\u00f1a alimentaria de C\u00e1ritas: \u201cDonde nace Jes\u00fas hay alegr\u00eda \u2013 Navidad para todos\u201d, acerca de lo que el cura manifest\u00f3 que \u201cla actividad se trata de refrendar lo que venimos haciendo durante todo el a\u00f1o con las dem\u00e1s obras de C\u00e1ritas. En nuestro caso estamos con C\u00e1ritas del Carmen y Nueva Pompeya\u201d.<\/p>\n<p>Puntualiz\u00f3 que \u201cen el Carmen sistem\u00e1ticamente acompa\u00f1amos a m\u00e1s de 100 familias todos los meses, y desde Pompeya a unas 40 familias por mes, con el plus de la Navidad que cada familia procura dentro de las posibilidades el tema del brindis, y nosotros queremos que cada familia lo pueda hacer\u201d, reflexionando que \u201cla venida de Jes\u00fas sea un motivo de alegr\u00eda en medio de tanta penuria en tantos sentidos, creo que ser\u00e1 una Navidad que tendremos que signarla bajo la virtud de la esperanza\u201d.<\/p>\n<p>\u201cHay que mantener la esperanza en medio de lo econ\u00f3mico y pol\u00edtico y las incertidumbres que se generan en las transiciones, pero tambi\u00e9n lo que respecta a la violencia\u2026 humanamente estamos mal y queremos mirar a Jes\u00fas para que \u00e9l nos restaure\u201d, subray\u00f3 Mendoza.<\/p>\n","protected":false},"excerpt":{"rendered":"<p>El pasado martes 28 de noviembre cumpli\u00f3 70 a\u00f1os la comunidad de los Capuchinos, donde est\u00e1 la parroquia de los padres Capuchinos y la Escuela Nueva Pompeya. Quien est\u00e1 a cargo de la obra parroquial, el cura Fernando Mendoza, pas\u00f3 por los estudios de \u201cVoces de la Ciudad\u201d y habl\u00f3 sobre las actividades, al tiempo [&hellip;]<\/p>\n","protected":false},"author":3,"featured_media":104901,"comment_status":"open","ping_status":"open","sticky":false,"template":"","format":"standard","meta":{"footnotes":""},"categories":[3],"tags":[],"class_list":["post-104900","post","type-post","status-publish","format-standard","has-post-thumbnail","category-masnoticias"],"_links":{"self":[{"href":"https:\/\/primicias2262.com\/noticias\/wp-json\/wp\/v2\/posts\/104900","targetHints":{"allow":["GET"]}}],"collection":[{"href":"https:\/\/primicias2262.com\/noticias\/wp-json\/wp\/v2\/posts"}],"about":[{"href":"https:\/\/primicias2262.com\/noticias\/wp-json\/wp\/v2\/types\/post"}],"author":[{"embeddable":true,"href":"https:\/\/primicias2262.com\/noticias\/wp-json\/wp\/v2\/users\/3"}],"replies":[{"embeddable":true,"href":"https:\/\/primicias2262.com\/noticias\/wp-json\/wp\/v2\/comments?post=104900"}],"version-history":[{"count":1,"href":"https:\/\/primicias2262.com\/noticias\/wp-json\/wp\/v2\/posts\/104900\/revisions"}],"predecessor-version":[{"id":104902,"href":"https:\/\/primicias2262.com\/noticias\/wp-json\/wp\/v2\/posts\/104900\/revisions\/104902"}],"wp:featuredmedia":[{"embeddable":true,"href":"https:\/\/primicias2262.com\/noticias\/wp-json\/wp\/v2\/media\/104901"}],"wp:attachment":[{"href":"https:\/\/primicias2262.com\/noticias\/wp-json\/wp\/v2\/media?parent=104900"}],"wp:term":[{"taxonomy":"category","embeddable":true,"href":"https:\/\/primicias2262.com\/noticias\/wp-json\/wp\/v2\/categories?post=104900"},{"taxonomy":"post_tag","embeddable":true,"href":"https:\/\/primicias2262.com\/noticias\/wp-json\/wp\/v2\/tags?post=104900"}],"curies":[{"name":"wp","href":"https:\/\/api.w.org\/{rel}","templated":true}]}}