{"id":104903,"date":"2023-12-01T17:23:32","date_gmt":"2023-12-01T17:23:32","guid":{"rendered":"https:\/\/primicias2262.com\/noticias\/?p=104903"},"modified":"2023-12-03T22:55:54","modified_gmt":"2023-12-03T22:55:54","slug":"se-dio-a-conocer-la-grilla-de-la-inauguracion-de-la-temporada-en-necochea","status":"publish","type":"post","link":"https:\/\/primicias2262.com\/noticias\/se-dio-a-conocer-la-grilla-de-la-inauguracion-de-la-temporada-en-necochea\/","title":{"rendered":"Se dio a conocer la grilla de la Inauguraci\u00f3n de la Temporada en Necochea"},"content":{"rendered":"<p><strong>Con este evento, el municipio dejar\u00e1 inaugurada la temporada 2023\/24 en el Parque Miguel Lillo. Habr\u00e1 patio cervecero y gastron\u00f3mico, m\u00fasica y expresiones art\u00edsticas, gracias a una puesta conjunta entre la comuna y los prestadores del sector tur\u00edstico.<\/strong><\/p>\n<p>El pr\u00f3ximo fin de semana largo de diciembre llega al Parque Miguel Lillo el Festival \u201cSabor de Verano\u201d, un evento con m\u00faltiples actividades recreativas y culturales que servir\u00e1 para dejar inaugurada la temporada de verano 2023\/24 en Necochea.<\/p>\n<p>La iniciativa organizada por la Secretar\u00eda de Turismo y Desarrollo Productivo cuenta con el apoyo de los prestadores del sector y se realizar\u00e1 entre las jornadas del s\u00e1bado 9 y domingo 10 en el Jard\u00edn Franc\u00e9s, acompa\u00f1ada por un patio cervecero en el que participar\u00e1n productores locales, un corredor de food trucks con distintas especialidades de comida y un escenario que har\u00e1 vibrar a los presentes con mucha m\u00fasica en vivo.<\/p>\n<p><a href=\"https:\/\/primicias2262.com\/noticias\/wp-content\/uploads\/2023\/12\/grilla-inauguracion.jpeg\"><img loading=\"lazy\" decoding=\"async\" class=\"aligncenter size-full wp-image-104905\" src=\"https:\/\/primicias2262.com\/noticias\/wp-content\/uploads\/2023\/12\/grilla-inauguracion.jpeg\" alt=\"\" width=\"1600\" height=\"900\" srcset=\"https:\/\/primicias2262.com\/noticias\/wp-content\/uploads\/2023\/12\/grilla-inauguracion.jpeg 1600w, https:\/\/primicias2262.com\/noticias\/wp-content\/uploads\/2023\/12\/grilla-inauguracion-300x169.jpeg 300w, https:\/\/primicias2262.com\/noticias\/wp-content\/uploads\/2023\/12\/grilla-inauguracion-1024x576.jpeg 1024w, https:\/\/primicias2262.com\/noticias\/wp-content\/uploads\/2023\/12\/grilla-inauguracion-768x432.jpeg 768w, https:\/\/primicias2262.com\/noticias\/wp-content\/uploads\/2023\/12\/grilla-inauguracion-1536x864.jpeg 1536w, https:\/\/primicias2262.com\/noticias\/wp-content\/uploads\/2023\/12\/grilla-inauguracion-150x84.jpeg 150w, https:\/\/primicias2262.com\/noticias\/wp-content\/uploads\/2023\/12\/grilla-inauguracion-696x392.jpeg 696w, https:\/\/primicias2262.com\/noticias\/wp-content\/uploads\/2023\/12\/grilla-inauguracion-1068x601.jpeg 1068w\" sizes=\"auto, (max-width: 1600px) 100vw, 1600px\" \/><\/a>Al respecto, el titular del \u00e1rea, Mat\u00edas Sierra, invit\u00f3 a turistas y residentes a disfrutar de las actividades que se llevar\u00e1n a cabo gracias a la puesta conjunta entre la Municipalidad de Necochea y los prestadores vinculados al sector, mientras resalt\u00f3 que existen grandes expectativas respecto al verano y pronostic\u00f3 una buena temporada.<\/p>\n<p>\u201cVa a ser un buen verano\u201d, destac\u00f3 el funcionario al dar a conocer el programa del venidero festival que contar\u00e1 con las actuaciones de las bandas Trasnochados y Los Borbotones en la tarde del s\u00e1bado, shows que estar\u00e1n amenizados con el set list bailable de un DJ local; mientras que para el domingo se promociona una grilla que apuesta por un panorama un poco m\u00e1s electr\u00f3nico, con Isi Grooves, Paulosky y Panch!, dejando el cierre para la reconocida agrupaci\u00f3n necochense de reggae Vosque Dagua.<\/p>\n<p>\u201cEn simult\u00e1neo, se podr\u00e1n disfrutar de itinerancias art\u00edsticas con las presentaciones de Magia Cautiva, Mago Vladimir, Lusifer, Violeta Perra y la Pulga, Latin D\u00fao, pintura en vivo a cargo de Mariano Oholeguy, y juegos en distintas partes del predio\u201d, detallaron desde la Secretar\u00eda.<\/p>\n<p>El programa tambi\u00e9n incluye la presencia de artesanos y emprendedores, una propuesta de apiturismo con degustaci\u00f3n de polen y miel, juegos para los ni\u00f1os y ni\u00f1as, una sala de escape con precios promocionales y viajes gratis para residentes en el Trencito de la Diversi\u00f3n, adem\u00e1s de visitas guiadas por el museo de Ciencias Naturales.<\/p>\n<p>Anticipando la presencia en el patio cervecero de las marcas locales Vieja Estaci\u00f3n, Geiser, 12 Brujas, Beer Rex y Punta Negra, Mat\u00edas Sierra destac\u00f3 la participaci\u00f3n de todos los prestadores vinculados al sector tur\u00edstico en este trabajo conjunto y colaborativo, tal como se viene logrando desde el inicio de la gesti\u00f3n del intendente Arturo Rojas al frente de la comuna.<\/p>\n","protected":false},"excerpt":{"rendered":"<p>Con este evento, el municipio dejar\u00e1 inaugurada la temporada 2023\/24 en el Parque Miguel Lillo. Habr\u00e1 patio cervecero y gastron\u00f3mico, m\u00fasica y expresiones art\u00edsticas, gracias a una puesta conjunta entre la comuna y los prestadores del sector tur\u00edstico. El pr\u00f3ximo fin de semana largo de diciembre llega al Parque Miguel Lillo el Festival \u201cSabor de [&hellip;]<\/p>\n","protected":false},"author":3,"featured_media":104904,"comment_status":"open","ping_status":"open","sticky":false,"template":"","format":"standard","meta":{"footnotes":""},"categories":[3],"tags":[],"class_list":["post-104903","post","type-post","status-publish","format-standard","has-post-thumbnail","category-masnoticias"],"_links":{"self":[{"href":"https:\/\/primicias2262.com\/noticias\/wp-json\/wp\/v2\/posts\/104903","targetHints":{"allow":["GET"]}}],"collection":[{"href":"https:\/\/primicias2262.com\/noticias\/wp-json\/wp\/v2\/posts"}],"about":[{"href":"https:\/\/primicias2262.com\/noticias\/wp-json\/wp\/v2\/types\/post"}],"author":[{"embeddable":true,"href":"https:\/\/primicias2262.com\/noticias\/wp-json\/wp\/v2\/users\/3"}],"replies":[{"embeddable":true,"href":"https:\/\/primicias2262.com\/noticias\/wp-json\/wp\/v2\/comments?post=104903"}],"version-history":[{"count":1,"href":"https:\/\/primicias2262.com\/noticias\/wp-json\/wp\/v2\/posts\/104903\/revisions"}],"predecessor-version":[{"id":104906,"href":"https:\/\/primicias2262.com\/noticias\/wp-json\/wp\/v2\/posts\/104903\/revisions\/104906"}],"wp:featuredmedia":[{"embeddable":true,"href":"https:\/\/primicias2262.com\/noticias\/wp-json\/wp\/v2\/media\/104904"}],"wp:attachment":[{"href":"https:\/\/primicias2262.com\/noticias\/wp-json\/wp\/v2\/media?parent=104903"}],"wp:term":[{"taxonomy":"category","embeddable":true,"href":"https:\/\/primicias2262.com\/noticias\/wp-json\/wp\/v2\/categories?post=104903"},{"taxonomy":"post_tag","embeddable":true,"href":"https:\/\/primicias2262.com\/noticias\/wp-json\/wp\/v2\/tags?post=104903"}],"curies":[{"name":"wp","href":"https:\/\/api.w.org\/{rel}","templated":true}]}}