{"id":104908,"date":"2023-12-01T17:45:04","date_gmt":"2023-12-01T17:45:04","guid":{"rendered":"https:\/\/primicias2262.com\/noticias\/?p=104908"},"modified":"2023-12-04T17:53:51","modified_gmt":"2023-12-04T17:53:51","slug":"tenemos-ganas-de-consolidar-un-bloque-de-cuatro-y-si-no-trabajaremos-en-un-interbloque-con-evangelina","status":"publish","type":"post","link":"https:\/\/primicias2262.com\/noticias\/tenemos-ganas-de-consolidar-un-bloque-de-cuatro-y-si-no-trabajaremos-en-un-interbloque-con-evangelina\/","title":{"rendered":"\u201cTenemos ganas de consolidar un bloque de cuatro, y si no trabajaremos en un interbloque con Evangelina\u201d"},"content":{"rendered":"<p><strong>As\u00ed lo expres\u00f3 el concejal electo de Uni\u00f3n por la Patria, Juli\u00e1n Kristiansen, al contar sus expectativas a 10 d\u00edas de la jura en el Honorable Concejo Deliberante. Revel\u00f3 que con la edil electa Evangelina Almada han charlado con Andrea C\u00e1ceres y Mauro Vel\u00e1zquez, los integrantes del interbloque que a\u00fan les queda dos a\u00f1os m\u00e1s en el Concejo.<\/strong><\/p>\n<p>De visita por los estudios de \u201cVoces de la Ciudad\u201d, durante la nota realizada por el periodista Jorge G\u00f3mez, el electo edil por el espacio del PJ con Marcelo Rivero como referente, Juli\u00e1n Kristiansen, se autodefini\u00f3 \u201ccon mucha ansiedad y ganas de estar participando, m\u00e1s a\u00fan por el contexto y la incertidumbre que hay. Hay un mont\u00f3n de compa\u00f1eros que van a acompa\u00f1ar, Evangelina Almada y yo vamos a tener el acompa\u00f1amiento de todo Uni\u00f3n por la Patria porque hay muchas expectativas volcadas sobre nosotros\u201d.<\/p>\n<p>Fue all\u00ed cuando confirm\u00f3 que con su compa\u00f1era de bancada ya mantienen di\u00e1logo con los otros dos concejales del frente que siguen por dos a\u00f1os m\u00e1s, Andrea C\u00e1ceres y Mauro Vel\u00e1zquez. \u201cTenemos muchas ganas de consolidar un bloque de cuatro, pero si no es as\u00ed trabajaremos en un interbloque con Evangelina. Vamos a trabajar con una direcci\u00f3n relacionada con nuestro espacio pol\u00edtico\u201d.<\/p>\n<p>Kristiansen manifest\u00f3 que \u201cnosotros tenemos mucha presencia territorial y cuando hablamos con los vecinos les decimos que no somos Superman para solucionar todo, lo que s\u00ed podemos hacer es llevar reclamos, proponer y hacer una pol\u00edtica con el resto de los bloques para que te acompa\u00f1en. Si hay una ordenanza tratarla entre todos los bloques y si hay algo que sea en beneficio de nuestra ciudad desde nuestro lado lo vamos a acompa\u00f1ar\u201d.<\/p>\n<p>Se mostr\u00f3 sumamente constructivo en su postura al comentar que \u201cson tiempos de cambio y esto se vio en la elecci\u00f3n del balotaje, hay que hacer mea culpa en todas las brechas de la pol\u00edtica, no solamente en el peronismo, porque la gente est\u00e1 cansada de ciertas cuestiones. A esta altura del partido ya hay que dejar de lado muchas cuestiones y pensar que Necochea tiene que salir adelante, as\u00ed que nosotros no vamos a ser un palo en la rueda para nada\u2026 si creemos que algo es para el crecimiento del distrito vamos a acompa\u00f1arlo y si podemos aportar desde nuestro lado tambi\u00e9n queremos que nos acompa\u00f1en\u201d.<\/p>\n<p>Diferenci\u00f3 al respecto que \u201cantes me acuerdo que se dec\u00eda no por el no mismo\u2026 o porque no pod\u00edas acompa\u00f1ar algo de la vereda pol\u00edtica distinta\u2026 eso tiene que cambiar, nosotros vamos a defender siempre las banderas del peronismo aggiornadas a este tiempo y si hay cuestiones de Estado que sean buenas para el distrito bienvenido sea, porque si le va bien al Intendente nos va bien a todos\u201d.<\/p>\n","protected":false},"excerpt":{"rendered":"<p>As\u00ed lo expres\u00f3 el concejal electo de Uni\u00f3n por la Patria, Juli\u00e1n Kristiansen, al contar sus expectativas a 10 d\u00edas de la jura en el Honorable Concejo Deliberante. Revel\u00f3 que con la edil electa Evangelina Almada han charlado con Andrea C\u00e1ceres y Mauro Vel\u00e1zquez, los integrantes del interbloque que a\u00fan les queda dos a\u00f1os m\u00e1s [&hellip;]<\/p>\n","protected":false},"author":3,"featured_media":101887,"comment_status":"open","ping_status":"open","sticky":false,"template":"","format":"standard","meta":{"footnotes":""},"categories":[3],"tags":[],"class_list":["post-104908","post","type-post","status-publish","format-standard","has-post-thumbnail","category-masnoticias"],"_links":{"self":[{"href":"https:\/\/primicias2262.com\/noticias\/wp-json\/wp\/v2\/posts\/104908","targetHints":{"allow":["GET"]}}],"collection":[{"href":"https:\/\/primicias2262.com\/noticias\/wp-json\/wp\/v2\/posts"}],"about":[{"href":"https:\/\/primicias2262.com\/noticias\/wp-json\/wp\/v2\/types\/post"}],"author":[{"embeddable":true,"href":"https:\/\/primicias2262.com\/noticias\/wp-json\/wp\/v2\/users\/3"}],"replies":[{"embeddable":true,"href":"https:\/\/primicias2262.com\/noticias\/wp-json\/wp\/v2\/comments?post=104908"}],"version-history":[{"count":1,"href":"https:\/\/primicias2262.com\/noticias\/wp-json\/wp\/v2\/posts\/104908\/revisions"}],"predecessor-version":[{"id":104909,"href":"https:\/\/primicias2262.com\/noticias\/wp-json\/wp\/v2\/posts\/104908\/revisions\/104909"}],"wp:featuredmedia":[{"embeddable":true,"href":"https:\/\/primicias2262.com\/noticias\/wp-json\/wp\/v2\/media\/101887"}],"wp:attachment":[{"href":"https:\/\/primicias2262.com\/noticias\/wp-json\/wp\/v2\/media?parent=104908"}],"wp:term":[{"taxonomy":"category","embeddable":true,"href":"https:\/\/primicias2262.com\/noticias\/wp-json\/wp\/v2\/categories?post=104908"},{"taxonomy":"post_tag","embeddable":true,"href":"https:\/\/primicias2262.com\/noticias\/wp-json\/wp\/v2\/tags?post=104908"}],"curies":[{"name":"wp","href":"https:\/\/api.w.org\/{rel}","templated":true}]}}