{"id":104911,"date":"2023-12-01T18:00:21","date_gmt":"2023-12-01T18:00:21","guid":{"rendered":"https:\/\/primicias2262.com\/noticias\/?p=104911"},"modified":"2023-12-01T18:00:21","modified_gmt":"2023-12-01T18:00:21","slug":"satisfaccion-desde-la-catedra-alfredo-marcenac-por-los-talleres-brindados-al-personal-de-barrio-cultura","status":"publish","type":"post","link":"https:\/\/primicias2262.com\/noticias\/satisfaccion-desde-la-catedra-alfredo-marcenac-por-los-talleres-brindados-al-personal-de-barrio-cultura\/","title":{"rendered":"Satisfacci\u00f3n desde la c\u00e1tedra \u201cAlfredo Marcenac\u201d por los talleres brindados al personal de Barrio Cultura"},"content":{"rendered":"<p><strong>La directora de la c\u00e1tedra, M\u00f3nica Bouyssede de Marcenac, resalt\u00f3 el rol del programa Barrio Cultura en la comunidad local, y junto a su hija Luc\u00eda destacaron que la experiencia fue enriquecedora mutuamente.<\/strong><\/p>\n<p>El Programa Barrio Cultura va culminando con sus actividades del a\u00f1o, entre ellas, los talleres en Educaci\u00f3n para la Paz que han realizado los integrantes de dicho espacio gracias a la coordinaci\u00f3n del municipio con la C\u00e1tedra abierta \u201cAlfredo Marcenac\u201d, que funciona en la sede Quequ\u00e9n de UNICEN.<\/p>\n<p>Quienes componen la c\u00e1tedra, la mam\u00e1 y hermana de Alfredo, M\u00f3nica Boyussede y Luc\u00eda Marcenac, resaltaron la articulaci\u00f3n llevada adelante y destacaron con satisfacci\u00f3n el intercambio con los talleristas de Barrio Cultura, programa que depende de la Direcci\u00f3n de Educaci\u00f3n Municipal.<\/p>\n<p>En primer t\u00e9rmino, M\u00f3nica manifest\u00f3 que \u201cha sido un a\u00f1o muy movilizador y muy activo, como integrantes de la c\u00e1tedra abierta en Educaci\u00f3n para la Paz \u201cAlfredo Marcenac\u201d que depende de la Facultad de Ciencias Sociales de UNICEN, con la Sede Quequ\u00e9n, una de las actividades de este a\u00f1o, en el marco de un convenio que la c\u00e1tedra tiene con el municipio, fue un taller de introducci\u00f3n a la Perspectiva Pedag\u00f3gica de Educaci\u00f3n para la Paz con los talleristas de Barrio Cultura\u201d, lo cual defini\u00f3 como \u201cuna experiencia muy interesante\u201d.<\/p>\n<figure class=\"wp-block-image size-full\"><img loading=\"lazy\" decoding=\"async\" class=\"wp-image-82455\" src=\"https:\/\/necochea.gov.ar\/wp-content\/uploads\/2023\/11\/29-11-FOTO-Monica-Bouyssede.jpeg\" alt=\"\" width=\"1600\" height=\"1066\" \/><figcaption class=\"wp-element-caption\">M\u00f3nica Bouyssede<\/figcaption><\/figure>\n<p>Bouyssede coment\u00f3 que \u201csab\u00edamos del programa Barrio Cultura pero no sab\u00edamos de todo el potencial que tiene y la tarea que realizan. El taller dur\u00f3 desde junio hasta esta semana, que culmin\u00f3 con la certificaci\u00f3n a los 17 talleristas participantes, y fue una experiencia movilizadora en momentos donde el problema m\u00e1s grande que tenemos en la sociedad es la resoluci\u00f3n no violenta de los conflictos\u201d.<\/p>\n<p>Puso en valor la directora de la c\u00e1tedra que \u201ceste grupo de Barrio Cultura va a los barrios de Necochea y Quequ\u00e9n y que pongan todo su esfuerzo para trabajar con ni\u00f1as, ni\u00f1os y j\u00f3venes para ense\u00f1ar a trav\u00e9s del arte o estrategias art\u00edsticas c\u00f3mo resolver los conflictos sin violencia, es un desaf\u00edo muy grande para ellos y para nosotros. Haberlos orientado en lo que significa esta perspectiva de abordaje de la paz y el conflicto fue muy interesante y muy positivo\u201d.<\/p>\n<p>Por su parte, Luc\u00eda rememor\u00f3 que \u201cempezamos desde 2009 con la c\u00e1tedra abierta, siempre tratando de responder a las necesidades que nos va planteando el municipio, y en este caso los talleristas de Barrio Cultura sent\u00edan la necesidad de sumar herramientas para abordar las situaciones de conflictividad, por eso se nos convoc\u00f3\u201d.<\/p>\n<figure class=\"wp-block-image size-full\"><img loading=\"lazy\" decoding=\"async\" class=\"wp-image-82454\" src=\"https:\/\/necochea.gov.ar\/wp-content\/uploads\/2023\/11\/29-11-FOTO-Lucia-Marcenac.jpeg\" alt=\"\" width=\"1600\" height=\"1066\" \/><figcaption class=\"wp-element-caption\">Luc\u00eda Marcenac<\/figcaption><\/figure>\n<p>No obstante, recalc\u00f3 que \u201cla c\u00e1tedra abierta no solo trabaja en extensi\u00f3n de estas experiencias, sino tambi\u00e9n en formaci\u00f3n y producci\u00f3n de conocimiento, y por ejemplo este a\u00f1o cerramos un trabajo importante sobre las formas de abordaje de la conflictividad social a nivel comunitario, trabajando con organizaciones sociales y empezando a visibilizar experiencias que hay en la comunidad, as\u00ed como pas\u00f3 con Barrio Cultura, y que entendemos que son de construcci\u00f3n de paz\u201d.<\/p>\n<p>\u201cM\u00e1s all\u00e1 de todas las situaciones de violencia y conflictividad, Necochea ser\u00eda mucho m\u00e1s violenta si estas experiencias no existieran, as\u00ed que esta es una forma de darle valor\u201d, subray\u00f3 Luc\u00eda, asegurando que \u201ccon Barrio Cultura fue un enriquecimiento mutuo porque tambi\u00e9n aprendimos mucho nosotros de lo que se hace desde el programa, y de hecho los talleres se fueron extendiendo porque sent\u00edamos que lo necesit\u00e1bamos ambas partes\u201d.Seguidamente, M\u00f3nica record\u00f3 que desde la c\u00e1tedra \u201ctenemos una l\u00ednea de trabajo muy fuerte desde hace a\u00f1os con el Instituto de Formaci\u00f3n Docente N\u00ba 31, el a\u00f1o pasado trabajamos con Envi\u00f3n en una experiencia muy positiva y este a\u00f1o con Barrio Cultura, as\u00ed que para nosotros que nuestra sociedad entienda que tenemos un capital humano y social disponible para abordar los conflictos es muy necesario\u201d.<\/p>\n<p>Finalmente, Bouyssede resalt\u00f3 el programa Barrio Cultura y a las personas que lo componen, visualizando que \u201cprogramas como este, el Envi\u00f3n o el Instituto N\u00ba 31 son cuestiones dif\u00edciles de llevar adelante y requieren de un compromiso comunitario muy fuerte\u201d, y \u201clas personas que trabajan en Barrio Cultura tienen una formaci\u00f3n en lenguajes art\u00edsticos que les permiten contar con herramientas para facilitar la transformaci\u00f3n de los conflictos, gente con muchos a\u00f1os de experiencia y recorrido en las comunidades y barrios, a quienes es necesario reconocerles su labor\u201d.<\/p>\n<figure class=\"wp-block-image size-full\"><img loading=\"lazy\" decoding=\"async\" class=\"wp-image-82453\" src=\"https:\/\/necochea.gov.ar\/wp-content\/uploads\/2023\/11\/29-11-FOTO-catedra-para-la-Paz-Barrio-Cultura.jpeg\" alt=\"\" width=\"1600\" height=\"1066\" \/><\/figure>\n<p>\u201cA veces pensamos en t\u00e9rminos de problemas econ\u00f3micos y nos olvidamos que estos problemas humanos de conflictividad son los m\u00e1s necesarios a atender, porque son justamente los que pueden generar mayor complejidad, y es muy importante rescatar que es la tercera gesti\u00f3n municipal en la que existe Barrio Cultura y debe seguir existiendo, y es necesario que exista tambi\u00e9n m\u00e1s apoyo, ya que le han brindado mucho apoyo pero tienen que tener m\u00e1s presupuesto para ello y nos parece algo a rescatar, muy importante para la vida de Necochea y Quequ\u00e9n\u201d, culmin\u00f3 la directora de la c\u00e1tedra \u201cAlfredo Marcenac\u201d.<\/p>\n","protected":false},"excerpt":{"rendered":"<p>La directora de la c\u00e1tedra, M\u00f3nica Bouyssede de Marcenac, resalt\u00f3 el rol del programa Barrio Cultura en la comunidad local, y junto a su hija Luc\u00eda destacaron que la experiencia fue enriquecedora mutuamente. El Programa Barrio Cultura va culminando con sus actividades del a\u00f1o, entre ellas, los talleres en Educaci\u00f3n para la Paz que han [&hellip;]<\/p>\n","protected":false},"author":3,"featured_media":104912,"comment_status":"open","ping_status":"open","sticky":false,"template":"","format":"standard","meta":{"footnotes":""},"categories":[3],"tags":[],"class_list":["post-104911","post","type-post","status-publish","format-standard","has-post-thumbnail","category-masnoticias"],"_links":{"self":[{"href":"https:\/\/primicias2262.com\/noticias\/wp-json\/wp\/v2\/posts\/104911","targetHints":{"allow":["GET"]}}],"collection":[{"href":"https:\/\/primicias2262.com\/noticias\/wp-json\/wp\/v2\/posts"}],"about":[{"href":"https:\/\/primicias2262.com\/noticias\/wp-json\/wp\/v2\/types\/post"}],"author":[{"embeddable":true,"href":"https:\/\/primicias2262.com\/noticias\/wp-json\/wp\/v2\/users\/3"}],"replies":[{"embeddable":true,"href":"https:\/\/primicias2262.com\/noticias\/wp-json\/wp\/v2\/comments?post=104911"}],"version-history":[{"count":1,"href":"https:\/\/primicias2262.com\/noticias\/wp-json\/wp\/v2\/posts\/104911\/revisions"}],"predecessor-version":[{"id":104913,"href":"https:\/\/primicias2262.com\/noticias\/wp-json\/wp\/v2\/posts\/104911\/revisions\/104913"}],"wp:featuredmedia":[{"embeddable":true,"href":"https:\/\/primicias2262.com\/noticias\/wp-json\/wp\/v2\/media\/104912"}],"wp:attachment":[{"href":"https:\/\/primicias2262.com\/noticias\/wp-json\/wp\/v2\/media?parent=104911"}],"wp:term":[{"taxonomy":"category","embeddable":true,"href":"https:\/\/primicias2262.com\/noticias\/wp-json\/wp\/v2\/categories?post=104911"},{"taxonomy":"post_tag","embeddable":true,"href":"https:\/\/primicias2262.com\/noticias\/wp-json\/wp\/v2\/tags?post=104911"}],"curies":[{"name":"wp","href":"https:\/\/api.w.org\/{rel}","templated":true}]}}