{"id":104932,"date":"2023-12-03T22:55:04","date_gmt":"2023-12-03T22:55:04","guid":{"rendered":"https:\/\/primicias2262.com\/noticias\/?p=104932"},"modified":"2023-12-04T18:03:25","modified_gmt":"2023-12-04T18:03:25","slug":"se-refuerza-el-servicio-de-guardavidas-de-cara-a-la-temporada-estival","status":"publish","type":"post","link":"https:\/\/primicias2262.com\/noticias\/se-refuerza-el-servicio-de-guardavidas-de-cara-a-la-temporada-estival\/","title":{"rendered":"Se refuerza el servicio de guardavidas de cara a la temporada estival"},"content":{"rendered":"<p><strong>A los puestos municipales ya en funcionamiento, se suma desde hoy la cobertura en los balnearios privados y otros puntos m\u00e1s alejados de la zona c\u00e9ntrica de Necochea y Quequ\u00e9n. Tambi\u00e9n comienza a brindarse la prestaci\u00f3n en los parajes Las Cascadas y Puente Blanco.<\/strong><\/p>\n<p>A partir de este viernes 1\u00ba de diciembre se ampl\u00eda la cobertura del servicio de Guardavidas en las playas de Necochea y Quequ\u00e9n, seg\u00fan inform\u00f3 la Secretar\u00eda de Gobierno municipal, a la espera de otros puntos que la prestaci\u00f3n alcanzar\u00e1 entre el 15 del mes y el primer d\u00eda de 2024.<\/p>\n<p>Con este agregado, la asistencia se ofrecer\u00e1 desde hoy en los distintos balnearios privados y en el Camping de Las Grutas, adem\u00e1s de en los puestos municipales de Los Patos, 63, 69, 75, 79, Morena, Rambla, Tarsis, 87, 91, ACA, Neptuno, Letras de Necochea, Sotavento, El Ca\u00f1o, Camping Miguel Lillo, Kabryl y Karamawi; todos estos en el horario de 9 a 20.<\/p>\n<p>Tambi\u00e9n habr\u00e1 servicio en los parajes Las Cascadas y Puente Blanco hasta el 31 de marzo, en el primer caso de lunes a domingo y entre las 11 y las 18, mientras que en el segundo el horario ser\u00e1 de 11 a 17 los lunes y martes, y de 9 a 20 de mi\u00e9rcoles hasta domingo.<\/p>\n<p>En la costa de Quequ\u00e9n, continuar\u00e1 la cobertura de la comuna en los puestos de la Escollera Norte, Casilla, Medio (502 y 521), Monte Pasubio y Bajada P\u00fablica (502 y 531), a\u00f1adi\u00e9ndose con cobertura privada el complejo La Viraz\u00f3n.<\/p>\n<p>Asimismo, desde las jefaturas de Playa y Guardavidas se\u00f1alaron que a partir del 15 de diciembre el servicio se brindar\u00e1 en la localidad de Costa Bonita, todos los d\u00edas y de 11 a 17, en tanto que en el Balneario Los \u00c1ngeles la cobertura comenzar\u00e1 el 1\u00ba de enero del a\u00f1o entrante, de lunes a domingo y en el horario de 11 a 19.<\/p>\n","protected":false},"excerpt":{"rendered":"<p>A los puestos municipales ya en funcionamiento, se suma desde hoy la cobertura en los balnearios privados y otros puntos m\u00e1s alejados de la zona c\u00e9ntrica de Necochea y Quequ\u00e9n. Tambi\u00e9n comienza a brindarse la prestaci\u00f3n en los parajes Las Cascadas y Puente Blanco. A partir de este viernes 1\u00ba de diciembre se ampl\u00eda la [&hellip;]<\/p>\n","protected":false},"author":3,"featured_media":104933,"comment_status":"open","ping_status":"open","sticky":false,"template":"","format":"standard","meta":{"footnotes":""},"categories":[3],"tags":[],"class_list":["post-104932","post","type-post","status-publish","format-standard","has-post-thumbnail","category-masnoticias"],"_links":{"self":[{"href":"https:\/\/primicias2262.com\/noticias\/wp-json\/wp\/v2\/posts\/104932","targetHints":{"allow":["GET"]}}],"collection":[{"href":"https:\/\/primicias2262.com\/noticias\/wp-json\/wp\/v2\/posts"}],"about":[{"href":"https:\/\/primicias2262.com\/noticias\/wp-json\/wp\/v2\/types\/post"}],"author":[{"embeddable":true,"href":"https:\/\/primicias2262.com\/noticias\/wp-json\/wp\/v2\/users\/3"}],"replies":[{"embeddable":true,"href":"https:\/\/primicias2262.com\/noticias\/wp-json\/wp\/v2\/comments?post=104932"}],"version-history":[{"count":2,"href":"https:\/\/primicias2262.com\/noticias\/wp-json\/wp\/v2\/posts\/104932\/revisions"}],"predecessor-version":[{"id":104951,"href":"https:\/\/primicias2262.com\/noticias\/wp-json\/wp\/v2\/posts\/104932\/revisions\/104951"}],"wp:featuredmedia":[{"embeddable":true,"href":"https:\/\/primicias2262.com\/noticias\/wp-json\/wp\/v2\/media\/104933"}],"wp:attachment":[{"href":"https:\/\/primicias2262.com\/noticias\/wp-json\/wp\/v2\/media?parent=104932"}],"wp:term":[{"taxonomy":"category","embeddable":true,"href":"https:\/\/primicias2262.com\/noticias\/wp-json\/wp\/v2\/categories?post=104932"},{"taxonomy":"post_tag","embeddable":true,"href":"https:\/\/primicias2262.com\/noticias\/wp-json\/wp\/v2\/tags?post=104932"}],"curies":[{"name":"wp","href":"https:\/\/api.w.org\/{rel}","templated":true}]}}